{"id":91904,"date":"2026-08-31T01:30:19","date_gmt":"2026-08-31T01:30:19","guid":{"rendered":"https:\/\/lahora.mx\/?p=91904"},"modified":"2026-09-01T01:34:38","modified_gmt":"2026-09-01T01:34:38","slug":"investigadoras-buap-obtienen-premio-de-arquitectura-francisco-becerra","status":"publish","type":"post","link":"https:\/\/lahora.mx\/index.php\/2026\/08\/31\/investigadoras-buap-obtienen-premio-de-arquitectura-francisco-becerra\/","title":{"rendered":"Investigadoras BUAP obtienen Premio de Arquitectura \u201cFrancisco Becerra\u201d"},"content":{"rendered":"\n<ul class=\"wp-block-list\">\n<li>Adriana Hern\u00e1ndez S\u00e1nchez y Julia Judith Mundo Hern\u00e1ndez, profesoras investigadoras de la Facultad de Arquitectura de la BUAP, fueron galardonadas con el Premio de Arquitectura \u201cFrancisco Becerra\u201d 2026, otorgado por el Premio Nacional de Arquitectura y el Instituto Municipal de Arte y Cultura de Puebla.<\/li>\n<\/ul>\n\n\n\n<ul class=\"wp-block-list\">\n<li>La doctora Adriana Hern\u00e1ndez fue premiada en la categor\u00eda Investigaci\u00f3n Acad\u00e9mica en Arquitectura. Su trabajo se centra en la regeneraci\u00f3n urbana, espacio p\u00fablico y vivienda en centros hist\u00f3ricos, con \u00e9nfasis en la participaci\u00f3n activa de la ciudadan\u00eda. \u201cA trav\u00e9s de la iniciativa Regenera Espacio, desde 2012 desarrollo iniciativas en tres barrios del norponiente de la ciudad: San Antonio, El Refugio y Santa Anita. Adem\u00e1s del barrio de Analco, con el proyecto Casa Analco\u201d.<\/li>\n<\/ul>\n\n\n\n<ul class=\"wp-block-list\">\n<li>Hern\u00e1ndez S\u00e1nchez es doctora en Espacio P\u00fablico y Regeneraci\u00f3n Urbana, Arte Teor\u00eda y Conservaci\u00f3n del Patrimonio por la Universidad de Barcelona. Es integrante del Cuerpo Acad\u00e9mico \u201cPlaneaci\u00f3n y Gesti\u00f3n Territorial Sustentable\u201d, del Sistema Nacional de Investigadoras e Investigadores (SNII), ICOMOS mexicano, Design for All Foundation y del grupo de investigaci\u00f3n CR Polis de la Universidad de Barcelona. Adem\u00e1s, recibi\u00f3 el Premio Internacional de Buenas Pr\u00e1cticas 2020 por la Design for All Foundation.<\/li>\n<\/ul>\n\n\n\n<ul class=\"wp-block-list\">\n<li>Por su parte, Julia Judith Mundo Hern\u00e1ndez, doctora en Arquitectura por la Universidad de Nottingham en el Reino Unido, fue ganadora de la categor\u00eda Trayectoria Catedr\u00e1tica. Su l\u00ednea de investigaci\u00f3n es el estudio del h\u00e1bitat saludable y sostenible, por lo que sus estudios son sobre vivienda, integraci\u00f3n de energ\u00edas renovables y estrategias bioclim\u00e1ticas. Uno de estos es el diagn\u00f3stico ambiental y social de la producci\u00f3n de ladrillo artesanal y loseta de barro.<\/li>\n<\/ul>\n\n\n\n<ul class=\"wp-block-list\">\n<li>Mundo Hern\u00e1ndez es responsable del Cuerpo Acad\u00e9mico \u201cDise\u00f1o y Tecnolog\u00eda\u201d e integrante del SNII, del Instituto Colegiado de Ingenieros de Servicios de Edificaci\u00f3n (CIBSE) del Reino Unido y de la Asociaci\u00f3n Internacional de Estructuras (IASS); as\u00ed como de las redes de comunidades vulnerables y cambio clim\u00e1tico, Iberoamericana de pobreza energ\u00e9tica y bienestar ambiental e Iberoamericana de valoraci\u00f3n y gesti\u00f3n de cementerios patrimoniales. Adem\u00e1s, es directora de la publicaci\u00f3n peri\u00f3dica digital Pragma.<\/li>\n<\/ul>\n","protected":false},"excerpt":{"rendered":"","protected":false},"author":1,"featured_media":91908,"comment_status":"open","ping_status":"open","sticky":false,"template":"","format":"standard","meta":{"om_disable_all_campaigns":false,"_monsterinsights_skip_tracking":false,"footnotes":""},"categories":[175],"tags":[186,223],"class_list":["post-91904","post","type-post","status-publish","format-standard","has-post-thumbnail","hentry","category-local","tag-buap","tag-puebla"],"amp_enabled":true,"_links":{"self":[{"href":"https:\/\/lahora.mx\/index.php\/wp-json\/wp\/v2\/posts\/91904","targetHints":{"allow":["GET"]}}],"collection":[{"href":"https:\/\/lahora.mx\/index.php\/wp-json\/wp\/v2\/posts"}],"about":[{"href":"https:\/\/lahora.mx\/index.php\/wp-json\/wp\/v2\/types\/post"}],"author":[{"embeddable":true,"href":"https:\/\/lahora.mx\/index.php\/wp-json\/wp\/v2\/users\/1"}],"replies":[{"embeddable":true,"href":"https:\/\/lahora.mx\/index.php\/wp-json\/wp\/v2\/comments?post=91904"}],"version-history":[{"count":1,"href":"https:\/\/lahora.mx\/index.php\/wp-json\/wp\/v2\/posts\/91904\/revisions"}],"predecessor-version":[{"id":91909,"href":"https:\/\/lahora.mx\/index.php\/wp-json\/wp\/v2\/posts\/91904\/revisions\/91909"}],"wp:featuredmedia":[{"embeddable":true,"href":"https:\/\/lahora.mx\/index.php\/wp-json\/wp\/v2\/media\/91908"}],"wp:attachment":[{"href":"https:\/\/lahora.mx\/index.php\/wp-json\/wp\/v2\/media?parent=91904"}],"wp:term":[{"taxonomy":"category","embeddable":true,"href":"https:\/\/lahora.mx\/index.php\/wp-json\/wp\/v2\/categories?post=91904"},{"taxonomy":"post_tag","embeddable":true,"href":"https:\/\/lahora.mx\/index.php\/wp-json\/wp\/v2\/tags?post=91904"}],"curies":[{"name":"wp","href":"https:\/\/api.w.org\/{rel}","templated":true}]}}