{"id":91839,"date":"2026-09-01T00:28:49","date_gmt":"2026-09-01T00:28:49","guid":{"rendered":"https:\/\/lahora.mx\/?p=91839"},"modified":"2026-09-01T00:28:50","modified_gmt":"2026-09-01T00:28:50","slug":"gobierno-del-estado-de-puebla-carece-de-cifra-definitiva-sobre-despidos-operativos-en-la-planta-de-volkswagen","status":"publish","type":"post","link":"https:\/\/lahora.mx\/index.php\/2026\/09\/01\/gobierno-del-estado-de-puebla-carece-de-cifra-definitiva-sobre-despidos-operativos-en-la-planta-de-volkswagen\/","title":{"rendered":"Gobierno del Estado de Puebla Carece de Cifra Definitiva sobre Despidos Operativos en la Planta de Volkswagen"},"content":{"rendered":"\n<p class=\"wp-block-paragraph\">El Gobierno del Estado de Puebla inform\u00f3 que a\u00fan se encuentra a la espera de los reportes consolidados por parte del Sindicato Independiente de Trabajadores de la Industria Automotriz Volkswagen (SITIAVW) y directivos de la armadora alemana para cuantificar con precisi\u00f3n el n\u00famero final de trabajadores que perder\u00e1n su empleo tras la reestructuraci\u00f3n en la f\u00e1brica. Las autoridades reconocieron que las cifras circulantes contin\u00faan bajo revisi\u00f3n debido a la aplicaci\u00f3n de convenios y esquemas de retiro voluntario.<\/p>\n\n\n\n<p class=\"wp-block-paragraph\">A trav\u00e9s de la Secretar\u00eda del Trabajo estatal se dio a conocer que se mantienen canales institucionales de monitoreo permanente con las partes involucradas a fin de verificar que las terminaciones laborales se apeguen al marco de la Ley Federal del Trabajo. El Ejecutivo Puebla reiter\u00f3 su disposici\u00f3n para intervenir como mediador en caso de que las partes lo requieran y salvaguardar los derechos de las familias afectadas.<\/p>\n\n\n\n<p class=\"wp-block-paragraph\">Con el objetivo de aminorar el impacto econ\u00f3mico derivado del recorte, el gobierno estatal alista una estrategia de vinculaci\u00f3n laboral y capacitaci\u00f3n continua para canalizar al personal t\u00e9cnico de la industria automotriz hacia otras vacantes del sector manufacturero e industrial de la entidad. Las autoridades esperan que en los pr\u00f3ximos d\u00edas las representaciones sindical e industrial concluyan la conciliaci\u00f3n de padrones de bajas.<\/p>\n\n\n\n<p class=\"wp-block-paragraph\"><\/p>\n","protected":false},"excerpt":{"rendered":"<p>El Gobierno del Estado de Puebla inform\u00f3 que a\u00fan se encuentra a la espera de los reportes consolidados por parte del Sindicato Independiente de Trabajadores de la Industria Automotriz Volkswagen (SITIAVW) y directivos de la armadora alemana para cuantificar con precisi\u00f3n el n\u00famero final de trabajadores que perder\u00e1n su empleo tras la reestructuraci\u00f3n en la [&hellip;]<\/p>\n","protected":false},"author":1,"featured_media":91843,"comment_status":"open","ping_status":"open","sticky":false,"template":"","format":"standard","meta":{"om_disable_all_campaigns":false,"_monsterinsights_skip_tracking":false,"footnotes":""},"categories":[175],"tags":[227,223],"class_list":["post-91839","post","type-post","status-publish","format-standard","has-post-thumbnail","hentry","category-local","tag-congreso","tag-puebla"],"amp_enabled":true,"_links":{"self":[{"href":"https:\/\/lahora.mx\/index.php\/wp-json\/wp\/v2\/posts\/91839","targetHints":{"allow":["GET"]}}],"collection":[{"href":"https:\/\/lahora.mx\/index.php\/wp-json\/wp\/v2\/posts"}],"about":[{"href":"https:\/\/lahora.mx\/index.php\/wp-json\/wp\/v2\/types\/post"}],"author":[{"embeddable":true,"href":"https:\/\/lahora.mx\/index.php\/wp-json\/wp\/v2\/users\/1"}],"replies":[{"embeddable":true,"href":"https:\/\/lahora.mx\/index.php\/wp-json\/wp\/v2\/comments?post=91839"}],"version-history":[{"count":1,"href":"https:\/\/lahora.mx\/index.php\/wp-json\/wp\/v2\/posts\/91839\/revisions"}],"predecessor-version":[{"id":91844,"href":"https:\/\/lahora.mx\/index.php\/wp-json\/wp\/v2\/posts\/91839\/revisions\/91844"}],"wp:featuredmedia":[{"embeddable":true,"href":"https:\/\/lahora.mx\/index.php\/wp-json\/wp\/v2\/media\/91843"}],"wp:attachment":[{"href":"https:\/\/lahora.mx\/index.php\/wp-json\/wp\/v2\/media?parent=91839"}],"wp:term":[{"taxonomy":"category","embeddable":true,"href":"https:\/\/lahora.mx\/index.php\/wp-json\/wp\/v2\/categories?post=91839"},{"taxonomy":"post_tag","embeddable":true,"href":"https:\/\/lahora.mx\/index.php\/wp-json\/wp\/v2\/tags?post=91839"}],"curies":[{"name":"wp","href":"https:\/\/api.w.org\/{rel}","templated":true}]}}