{"id":91833,"date":"2026-08-31T22:22:02","date_gmt":"2026-08-31T22:22:02","guid":{"rendered":"https:\/\/lahora.mx\/?p=91833"},"modified":"2026-08-31T22:22:04","modified_gmt":"2026-08-31T22:22:04","slug":"mas-espacios-para-la-educacion-usep-recibe-a-3-mil-515-estudiantes","status":"publish","type":"post","link":"https:\/\/lahora.mx\/index.php\/2026\/08\/31\/mas-espacios-para-la-educacion-usep-recibe-a-3-mil-515-estudiantes\/","title":{"rendered":"M\u00e1s espacios para la educaci\u00f3n: USEP recibe a 3 mil 515 estudiantes"},"content":{"rendered":"\n<p class=\"wp-block-paragraph\">-El gobernador Alejandro Armenta Mier anuncia un nuevo campus de la Universidad de la Salud en la capital poblana.<\/p>\n\n\n\n<p class=\"wp-block-paragraph\">-La instituci\u00f3n ampl\u00eda su cobertura con cuatro sedes regionales y la primera generaci\u00f3n del Bachillerato Tecnol\u00f3gico en Enfermer\u00eda.<\/p>\n\n\n\n<p class=\"wp-block-paragraph\">PUEBLA, Pue.- Con m\u00e1s oportunidades para que las y los j\u00f3venes cumplan su vocaci\u00f3n de servicio, la Universidad de la Salud del Estado de Puebla (USEP) inici\u00f3 el ciclo escolar 2026-2027 con 3 mil 515 estudiantes en sus licenciaturas y sedes regionales, como parte de la pol\u00edtica educativa del Gobierno del Estado para garantizar el acceso a la formaci\u00f3n profesional. Durante el inicio del ciclo escolar, el gobernador Alejandro Armenta Mier destac\u00f3 que los espacios en las universidades estatales crecieron 700 por ciento respecto al a\u00f1o pasado, y anunci\u00f3 que ya se analiza un predio para la construcci\u00f3n de un nuevo campus de la USEP en la capital poblana.<\/p>\n\n\n\n<p class=\"wp-block-paragraph\">\u201cEs una carrera muy demandada y para nosotros el concepto rechazo no debe de existir. En ustedes estar\u00e1 la salud de las y los poblanos, de la poblaci\u00f3n, y sin duda la esperanza, porque cuando una persona va a ver a un m\u00e9dico, a una enfermera, a un enfermero, tiene la esperanza de vida\u201d, expres\u00f3 al desear \u00e9xito a las y los estudiantes. El ejecutivo estatal subray\u00f3 la responsabilidad que tendr\u00e1n como futuros profesionales de la salud y el significado de su labor para las familias.<\/p>\n\n\n\n<p class=\"wp-block-paragraph\">Durante un recorrido por las instalaciones de la USEP, el gobernador comparti\u00f3 la emoci\u00f3n que le genera ver a las y los j\u00f3venes que eligieron una profesi\u00f3n vinculada con el cuidado de las personas, al recordar que su mam\u00e1 fue enfermera. Armenta Mier refrend\u00f3 el compromiso de su administraci\u00f3n con la preparaci\u00f3n de las nuevas generaciones: \u201cEn el Gobierno de Puebla vamos a hacer todo lo que est\u00e9 en nuestro alcance porque tengan la mejor calidad en su formaci\u00f3n profesional\u201d.<\/p>\n\n\n\n<p class=\"wp-block-paragraph\">El rector de la USEP, Jos\u00e9 Manuel Hern\u00e1ndez Ram\u00f3n, inform\u00f3 que 3 mil 515 alumnos iniciaron clases en la sede principal y en las sedes regionales de Iz\u00facar de Matamoros, Tepexi de Rodr\u00edguez, Yaon\u00e1huac, Zoquitl\u00e1n y Tecamachalco. La oferta acad\u00e9mica contempla las licenciaturas de M\u00e9dico Cirujano; Enfermer\u00eda y Obstetricia; y Promoci\u00f3n y Atenci\u00f3n a la Salud. En las sedes regionales se ofrecen M\u00e9dico Cirujano y Enfermer\u00eda y Obstetricia. Adem\u00e1s, 144 estudiantes forman parte de la primera generaci\u00f3n del Bachillerato Tecnol\u00f3gico en Enfermer\u00eda General.<\/p>\n\n\n\n<p class=\"wp-block-paragraph\">Como parte de la formaci\u00f3n pr\u00e1ctica del alumnado, la coordinadora del Quir\u00f3fano Itinerante, Alitzel Hern\u00e1ndez Garc\u00eda, anunci\u00f3 que se invitar\u00e1 a las y los estudiantes a atestiguar la pr\u00f3xima jornada de cataratas, que tendr\u00e1 lugar en este espacio, considerado \u00fanico en Latinoam\u00e9rica. Tambi\u00e9n inform\u00f3 que el pr\u00f3ximo a\u00f1o se adquirir\u00e1n tres quir\u00f3fanos m\u00e1s.<\/p>\n\n\n\n<p class=\"wp-block-paragraph\">Para las nuevas generaciones, el inicio de clases representa una oportunidad para construir un proyecto de vida al servicio de la sociedad. Araceli Herrera Mart\u00ednez, estudiante de M\u00e9dico Cirujano, expres\u00f3 su alegr\u00eda por ingresar a la USEP y su expectativa de adquirir conocimientos y nuevas oportunidades para continuar con su preparaci\u00f3n. Jos\u00e9 Luis Carreto consider\u00f3 que el ingreso a la carrera representa un gran paso hacia la realizaci\u00f3n de un sue\u00f1o personal y familiar. Reconoci\u00f3 que Medicina es una profesi\u00f3n exigente, pero afirm\u00f3 que est\u00e1 preparado para afrontar el desaf\u00edo.<\/p>\n\n\n\n<p class=\"wp-block-paragraph\">Teresa Ira\u00eds agradeci\u00f3 al gobernador por ofrecer un espacio dise\u00f1ado para las y los estudiantes y destac\u00f3 la emoci\u00f3n que comparte con sus compa\u00f1eros ante esta nueva oportunidad. Melissa Ontiveros, integrante de la primera generaci\u00f3n del Bachillerato Tecnol\u00f3gico en Enfermer\u00eda, expres\u00f3 su satisfacci\u00f3n por formar parte de este proyecto, al considerar que le permitir\u00e1 adquirir conocimientos valiosos en el \u00e1rea de la salud, especialmente para quienes concluyen la secundaria y tienen inter\u00e9s en esta profesi\u00f3n.<\/p>\n\n\n\n<p class=\"wp-block-paragraph\">Con la ampliaci\u00f3n de espacios, nuevas sedes y una mayor oferta educativa, la USEP consolida una alternativa para que m\u00e1s j\u00f3venes poblanos accedan a una preparaci\u00f3n profesional vinculada con una de las necesidades fundamentales de la sociedad: el cuidado de la salud.<\/p>\n","protected":false},"excerpt":{"rendered":"<p>-El gobernador Alejandro Armenta Mier anuncia un nuevo campus de la Universidad de la Salud en la capital poblana. -La instituci\u00f3n ampl\u00eda su cobertura con cuatro sedes regionales y la primera generaci\u00f3n del Bachillerato Tecnol\u00f3gico en Enfermer\u00eda. PUEBLA, Pue.- Con m\u00e1s oportunidades para que las y los j\u00f3venes cumplan su vocaci\u00f3n de servicio, la Universidad [&hellip;]<\/p>\n","protected":false},"author":1,"featured_media":91834,"comment_status":"open","ping_status":"open","sticky":false,"template":"","format":"standard","meta":{"om_disable_all_campaigns":false,"_monsterinsights_skip_tracking":false,"footnotes":""},"categories":[175],"tags":[239,195,223],"class_list":["post-91833","post","type-post","status-publish","format-standard","has-post-thumbnail","hentry","category-local","tag-gobierno","tag-principal","tag-puebla"],"amp_enabled":true,"_links":{"self":[{"href":"https:\/\/lahora.mx\/index.php\/wp-json\/wp\/v2\/posts\/91833","targetHints":{"allow":["GET"]}}],"collection":[{"href":"https:\/\/lahora.mx\/index.php\/wp-json\/wp\/v2\/posts"}],"about":[{"href":"https:\/\/lahora.mx\/index.php\/wp-json\/wp\/v2\/types\/post"}],"author":[{"embeddable":true,"href":"https:\/\/lahora.mx\/index.php\/wp-json\/wp\/v2\/users\/1"}],"replies":[{"embeddable":true,"href":"https:\/\/lahora.mx\/index.php\/wp-json\/wp\/v2\/comments?post=91833"}],"version-history":[{"count":1,"href":"https:\/\/lahora.mx\/index.php\/wp-json\/wp\/v2\/posts\/91833\/revisions"}],"predecessor-version":[{"id":91835,"href":"https:\/\/lahora.mx\/index.php\/wp-json\/wp\/v2\/posts\/91833\/revisions\/91835"}],"wp:featuredmedia":[{"embeddable":true,"href":"https:\/\/lahora.mx\/index.php\/wp-json\/wp\/v2\/media\/91834"}],"wp:attachment":[{"href":"https:\/\/lahora.mx\/index.php\/wp-json\/wp\/v2\/media?parent=91833"}],"wp:term":[{"taxonomy":"category","embeddable":true,"href":"https:\/\/lahora.mx\/index.php\/wp-json\/wp\/v2\/categories?post=91833"},{"taxonomy":"post_tag","embeddable":true,"href":"https:\/\/lahora.mx\/index.php\/wp-json\/wp\/v2\/tags?post=91833"}],"curies":[{"name":"wp","href":"https:\/\/api.w.org\/{rel}","templated":true}]}}