{"id":91827,"date":"2026-08-31T22:06:29","date_gmt":"2026-08-31T22:06:29","guid":{"rendered":"https:\/\/lahora.mx\/?p=91827"},"modified":"2026-08-31T22:06:30","modified_gmt":"2026-08-31T22:06:30","slug":"hallan-cadaver-de-un-hombre-emplayado-y-con-huellas-de-violencia-a-un-costado-de-la-carretera-amozoc-nautla","status":"publish","type":"post","link":"https:\/\/lahora.mx\/index.php\/2026\/08\/31\/hallan-cadaver-de-un-hombre-emplayado-y-con-huellas-de-violencia-a-un-costado-de-la-carretera-amozoc-nautla\/","title":{"rendered":"Hallan Cad\u00e1ver de un Hombre Emplayado y con Huellas de Violencia a un Costado de la Carretera Amozoc-Nautla"},"content":{"rendered":"\n<p class=\"wp-block-paragraph\">El cuerpo sin vida de un hombre, envuelto en pl\u00e1stico adherente y con visibles huellas de violencia, fue localizado durante las primeras horas de la ma\u00f1ana a un costado de la carretera Amozoc-Nautla, a la altura del municipio de Acajete. El hallazgo fue reportado por automovilistas que transitaban por la vialidad, lo que moviliz\u00f3 a elementos de la polic\u00eda municipal y estatal para proceder al acordonamiento del sitio.<\/p>\n\n\n\n<p class=\"wp-block-paragraph\">Agentes periciales y personal de la Fiscal\u00eda General del Estado (FGE) arribaron al lugar para realizar la recolecci\u00f3n de indicios y efectuar el levantamiento del cuerpo. Las autoridades ministeriales no precisaron la identidad de la v\u00edctima en el sitio, por lo que los restos fueron trasladados al Anfiteatro Municipal para la pr\u00e1ctica de la necropsia de ley que determine las causas exactas del deceso.<\/p>\n\n\n\n<p class=\"wp-block-paragraph\">La Fiscal\u00eda inici\u00f3 la carpeta de investigaci\u00f3n correspondiente para esclarecer el m\u00f3vil del homicidio e identificar tanto a la v\u00edctima como a las personas involucradas en el crimen. Elementos de seguridad mantuvieron un operativo de vigilancia en las zonas colindantes de Acajete para apoyar en las labores de rastreo y recolecci\u00f3n de pruebas.<\/p>\n","protected":false},"excerpt":{"rendered":"<p>El cuerpo sin vida de un hombre, envuelto en pl\u00e1stico adherente y con visibles huellas de violencia, fue localizado durante las primeras horas de la ma\u00f1ana a un costado de la carretera Amozoc-Nautla, a la altura del municipio de Acajete. El hallazgo fue reportado por automovilistas que transitaban por la vialidad, lo que moviliz\u00f3 a [&hellip;]<\/p>\n","protected":false},"author":1,"featured_media":91828,"comment_status":"open","ping_status":"open","sticky":false,"template":"","format":"standard","meta":{"om_disable_all_campaigns":false,"_monsterinsights_skip_tracking":false,"footnotes":""},"categories":[226],"tags":[223],"class_list":["post-91827","post","type-post","status-publish","format-standard","has-post-thumbnail","hentry","category-policia","tag-puebla"],"amp_enabled":true,"_links":{"self":[{"href":"https:\/\/lahora.mx\/index.php\/wp-json\/wp\/v2\/posts\/91827","targetHints":{"allow":["GET"]}}],"collection":[{"href":"https:\/\/lahora.mx\/index.php\/wp-json\/wp\/v2\/posts"}],"about":[{"href":"https:\/\/lahora.mx\/index.php\/wp-json\/wp\/v2\/types\/post"}],"author":[{"embeddable":true,"href":"https:\/\/lahora.mx\/index.php\/wp-json\/wp\/v2\/users\/1"}],"replies":[{"embeddable":true,"href":"https:\/\/lahora.mx\/index.php\/wp-json\/wp\/v2\/comments?post=91827"}],"version-history":[{"count":1,"href":"https:\/\/lahora.mx\/index.php\/wp-json\/wp\/v2\/posts\/91827\/revisions"}],"predecessor-version":[{"id":91829,"href":"https:\/\/lahora.mx\/index.php\/wp-json\/wp\/v2\/posts\/91827\/revisions\/91829"}],"wp:featuredmedia":[{"embeddable":true,"href":"https:\/\/lahora.mx\/index.php\/wp-json\/wp\/v2\/media\/91828"}],"wp:attachment":[{"href":"https:\/\/lahora.mx\/index.php\/wp-json\/wp\/v2\/media?parent=91827"}],"wp:term":[{"taxonomy":"category","embeddable":true,"href":"https:\/\/lahora.mx\/index.php\/wp-json\/wp\/v2\/categories?post=91827"},{"taxonomy":"post_tag","embeddable":true,"href":"https:\/\/lahora.mx\/index.php\/wp-json\/wp\/v2\/tags?post=91827"}],"curies":[{"name":"wp","href":"https:\/\/api.w.org\/{rel}","templated":true}]}}