{"id":91812,"date":"2026-08-31T20:59:52","date_gmt":"2026-08-31T20:59:52","guid":{"rendered":"https:\/\/lahora.mx\/?p=91812"},"modified":"2026-08-31T20:59:53","modified_gmt":"2026-08-31T20:59:53","slug":"sitiavw-llama-a-la-solidaridad-institucional-y-empresarial-tras-la-notificacion-de-despidos-en-volkswagen","status":"publish","type":"post","link":"https:\/\/lahora.mx\/index.php\/2026\/08\/31\/sitiavw-llama-a-la-solidaridad-institucional-y-empresarial-tras-la-notificacion-de-despidos-en-volkswagen\/","title":{"rendered":"SITIAVW Llama a la Solidaridad Institucional y Empresarial tras la Notificaci\u00f3n de Despidos en Volkswagen"},"content":{"rendered":"\n<p class=\"wp-block-paragraph\">El Sindicato Independiente de Trabajadores de la Industria Automotriz Volkswagen (SITIAVW) emiti\u00f3 un llamado urgente a las autoridades del gobierno federal, al ejecutivo estatal de Puebla y al sector empresarial para actuar con solidaridad y responsabilidad social ante el proceso de ajuste laboral que enfrenta la planta. La representaci\u00f3n sindical enfatiz\u00f3 que la estabilidad de las familias de los operarios afectados debe ser una prioridad compartida entre el sector p\u00fablico y el privado.<\/p>\n\n\n\n<p class=\"wp-block-paragraph\">En su pronunciamiento, el SITIAVW inst\u00f3 a las autoridades gubernamentales a intervenir como mediadores e instrumentar esquemas de apoyo econ\u00f3mico y reubicaci\u00f3n laboral para mitigar el impacto social. Asimismo, exhort\u00f3 a las c\u00e1maras empresariales a colaborar en la absorci\u00f3n de mano de obra calificada y recomend\u00f3 formalmente a los trabajadores involucrados no firmar convenios de baja o rescisi\u00f3n sin previa asesor\u00eda del cuerpo jur\u00eddico sindical.<\/p>\n\n\n\n<p class=\"wp-block-paragraph\">El sindicato se\u00f1al\u00f3 que la situaci\u00f3n requiere una respuesta coordinada que impida la precarizaci\u00f3n del empleo en el estado, por lo que mantendr\u00e1 mesas de di\u00e1logo abiertas con la c\u00fapula directiva de la armadora. Finalmente, la dirigencia sindical anunci\u00f3 que en las pr\u00f3ximas horas fijar\u00e1 una postura oficial detallada y dar\u00e1 a conocer las acciones legales y operativas que emprender\u00e1 para salvaguardar los derechos laborales.<\/p>\n","protected":false},"excerpt":{"rendered":"<p>El Sindicato Independiente de Trabajadores de la Industria Automotriz Volkswagen (SITIAVW) emiti\u00f3 un llamado urgente a las autoridades del gobierno federal, al ejecutivo estatal de Puebla y al sector empresarial para actuar con solidaridad y responsabilidad social ante el proceso de ajuste laboral que enfrenta la planta. La representaci\u00f3n sindical enfatiz\u00f3 que la estabilidad de [&hellip;]<\/p>\n","protected":false},"author":1,"featured_media":91813,"comment_status":"open","ping_status":"open","sticky":false,"template":"","format":"standard","meta":{"om_disable_all_campaigns":false,"_monsterinsights_skip_tracking":false,"footnotes":""},"categories":[2],"tags":[195],"class_list":["post-91812","post","type-post","status-publish","format-standard","has-post-thumbnail","hentry","category-negocios","tag-principal"],"amp_enabled":true,"_links":{"self":[{"href":"https:\/\/lahora.mx\/index.php\/wp-json\/wp\/v2\/posts\/91812","targetHints":{"allow":["GET"]}}],"collection":[{"href":"https:\/\/lahora.mx\/index.php\/wp-json\/wp\/v2\/posts"}],"about":[{"href":"https:\/\/lahora.mx\/index.php\/wp-json\/wp\/v2\/types\/post"}],"author":[{"embeddable":true,"href":"https:\/\/lahora.mx\/index.php\/wp-json\/wp\/v2\/users\/1"}],"replies":[{"embeddable":true,"href":"https:\/\/lahora.mx\/index.php\/wp-json\/wp\/v2\/comments?post=91812"}],"version-history":[{"count":1,"href":"https:\/\/lahora.mx\/index.php\/wp-json\/wp\/v2\/posts\/91812\/revisions"}],"predecessor-version":[{"id":91814,"href":"https:\/\/lahora.mx\/index.php\/wp-json\/wp\/v2\/posts\/91812\/revisions\/91814"}],"wp:featuredmedia":[{"embeddable":true,"href":"https:\/\/lahora.mx\/index.php\/wp-json\/wp\/v2\/media\/91813"}],"wp:attachment":[{"href":"https:\/\/lahora.mx\/index.php\/wp-json\/wp\/v2\/media?parent=91812"}],"wp:term":[{"taxonomy":"category","embeddable":true,"href":"https:\/\/lahora.mx\/index.php\/wp-json\/wp\/v2\/categories?post=91812"},{"taxonomy":"post_tag","embeddable":true,"href":"https:\/\/lahora.mx\/index.php\/wp-json\/wp\/v2\/tags?post=91812"}],"curies":[{"name":"wp","href":"https:\/\/api.w.org\/{rel}","templated":true}]}}