{"id":91803,"date":"2026-08-31T19:33:00","date_gmt":"2026-08-31T19:33:00","guid":{"rendered":"https:\/\/lahora.mx\/?p=91803"},"modified":"2026-08-31T19:33:00","modified_gmt":"2026-08-31T19:33:00","slug":"atlixco-realiza-encendido-de-adornos-patrios-e-inicia-celebraciones-del-mes-de-septiembre","status":"publish","type":"post","link":"https:\/\/lahora.mx\/index.php\/2026\/08\/31\/atlixco-realiza-encendido-de-adornos-patrios-e-inicia-celebraciones-del-mes-de-septiembre\/","title":{"rendered":"Atlixco Realiza Encendido de Adornos Patrios e Inicia Celebraciones del Mes de Septiembre"},"content":{"rendered":"\n<p class=\"wp-block-paragraph\">Con el encendido de la iluminaci\u00f3n festiva sobre la fachada del Palacio Municipal y la tradicional pega del Bando Patrio en el Z\u00f3calo, el municipio de Atlixco dio inicio oficial a las actividades conmemorativas del mes de septiembre. La alcaldesa Ariadna Ayala Camarillo encabez\u00f3 la colocaci\u00f3n del programa de actividades en las cuatro esquinas del primer cuadro de la ciudad, acompa\u00f1ada por integrantes de su gabinete y miembros de la Asociaci\u00f3n de Charros de Atlixco.<\/p>\n\n\n\n<p class=\"wp-block-paragraph\">Las festividades patrias contar\u00e1n con una agenda c\u00edvica y cultural orientada a fomentar la memoria hist\u00f3rica y fortalecer la identidad local. Entre los eventos destacados del calendario figuran la ceremonia c\u00edvica a los Ni\u00f1os H\u00e9roes, la tradicional cabalgata charra, el acto del Grito de Independencia el 15 de septiembre y el posterior desfile conmemorativo sobre las principales calles del municipio.<\/p>\n\n\n\n<p class=\"wp-block-paragraph\">A la par de las ceremonias tradicionales, la programaci\u00f3n de septiembre integrar\u00e1 eventos propios de la riqueza patrimonial del municipio, tales como el aniversario de su denominaci\u00f3n como Pueblo M\u00e1gico, la conmemoraci\u00f3n de la fundaci\u00f3n de la Villa de Carri\u00f3n y la realizaci\u00f3n del Atlixcayotontli. La oferta cultural se complementar\u00e1 con presentaciones teatrales, exhibiciones de pintura y la participaci\u00f3n de planteles educativos locales en diversos recintos p\u00fablicos.<\/p>\n\n\n\n<p class=\"wp-block-paragraph\">En materia de seguridad, la administraci\u00f3n municipal confirm\u00f3 que se mantendr\u00e1 un operativo de resguardo y patrullaje en coordinaci\u00f3n permanente con la Polic\u00eda Estatal y la Guardia Nacional. El despliegue preventivo contempla vigilancia continua en los puntos de mayor afluencia tur\u00edstica y vecinal para garantizar que los festejos transcurran de manera ordenada y con saldo blanco durante todo el mes.<\/p>\n","protected":false},"excerpt":{"rendered":"<p>Con el encendido de la iluminaci\u00f3n festiva sobre la fachada del Palacio Municipal y la tradicional pega del Bando Patrio en el Z\u00f3calo, el municipio de Atlixco dio inicio oficial a las actividades conmemorativas del mes de septiembre. La alcaldesa Ariadna Ayala Camarillo encabez\u00f3 la colocaci\u00f3n del programa de actividades en las cuatro esquinas del [&hellip;]<\/p>\n","protected":false},"author":1,"featured_media":91804,"comment_status":"open","ping_status":"open","sticky":false,"template":"","format":"standard","meta":{"om_disable_all_campaigns":false,"_monsterinsights_skip_tracking":false,"footnotes":""},"categories":[175],"tags":[223],"class_list":["post-91803","post","type-post","status-publish","format-standard","has-post-thumbnail","hentry","category-local","tag-puebla"],"amp_enabled":true,"_links":{"self":[{"href":"https:\/\/lahora.mx\/index.php\/wp-json\/wp\/v2\/posts\/91803","targetHints":{"allow":["GET"]}}],"collection":[{"href":"https:\/\/lahora.mx\/index.php\/wp-json\/wp\/v2\/posts"}],"about":[{"href":"https:\/\/lahora.mx\/index.php\/wp-json\/wp\/v2\/types\/post"}],"author":[{"embeddable":true,"href":"https:\/\/lahora.mx\/index.php\/wp-json\/wp\/v2\/users\/1"}],"replies":[{"embeddable":true,"href":"https:\/\/lahora.mx\/index.php\/wp-json\/wp\/v2\/comments?post=91803"}],"version-history":[{"count":1,"href":"https:\/\/lahora.mx\/index.php\/wp-json\/wp\/v2\/posts\/91803\/revisions"}],"predecessor-version":[{"id":91805,"href":"https:\/\/lahora.mx\/index.php\/wp-json\/wp\/v2\/posts\/91803\/revisions\/91805"}],"wp:featuredmedia":[{"embeddable":true,"href":"https:\/\/lahora.mx\/index.php\/wp-json\/wp\/v2\/media\/91804"}],"wp:attachment":[{"href":"https:\/\/lahora.mx\/index.php\/wp-json\/wp\/v2\/media?parent=91803"}],"wp:term":[{"taxonomy":"category","embeddable":true,"href":"https:\/\/lahora.mx\/index.php\/wp-json\/wp\/v2\/categories?post=91803"},{"taxonomy":"post_tag","embeddable":true,"href":"https:\/\/lahora.mx\/index.php\/wp-json\/wp\/v2\/tags?post=91803"}],"curies":[{"name":"wp","href":"https:\/\/api.w.org\/{rel}","templated":true}]}}