{"id":91799,"date":"2026-08-31T19:03:46","date_gmt":"2026-08-31T19:03:46","guid":{"rendered":"https:\/\/lahora.mx\/?p=91799"},"modified":"2026-08-31T19:03:47","modified_gmt":"2026-08-31T19:03:47","slug":"gobierno-de-puebla-ofrece-hasta-73-por-ciento-de-descuento-para-regularizar-vehiculos-con-placas-vencidas","status":"publish","type":"post","link":"https:\/\/lahora.mx\/index.php\/2026\/08\/31\/gobierno-de-puebla-ofrece-hasta-73-por-ciento-de-descuento-para-regularizar-vehiculos-con-placas-vencidas\/","title":{"rendered":"Gobierno de Puebla Ofrece Hasta 73 Por Ciento de Descuento para Regularizar Veh\u00edculos con Placas Vencidas"},"content":{"rendered":"\n<p class=\"wp-block-paragraph\">El Gobierno del Estado de Puebla pondr\u00e1 en marcha un programa especial de regularizaci\u00f3n vehicular a partir del 1 de septiembre y hasta el 30 de noviembre, ofreciendo descuentos de hasta el 73 por ciento en tr\u00e1mites de control y placas. La Secretar\u00eda de Planeaci\u00f3n, Finanzas y Administraci\u00f3n aclar\u00f3 que este esquema no contempla un reemplacamiento obligatorio de manera generalizada, sino que est\u00e1 enfocado exclusivamente en los automotores que portan matr\u00edculas expedidas en 2019 o a\u00f1os anteriores y presentan rezagos fiscales.<\/p>\n\n\n\n<p class=\"wp-block-paragraph\">De acuerdo con datos del padr\u00f3n vehicular estatal, conformado por m\u00e1s de 1.5 millones de unidades particulares, se calcula que aproximadamente 400 mil veh\u00edculos circulan con placas no vigentes y adeudos de contribuciones. El programa contempla incentivos econ\u00f3micos que reducen los costos de tenencia, control vehicular, multas, recargos y actualizaciones, adem\u00e1s de aplicar reducciones completas en el canje de placas y tarjeta de circulaci\u00f3n para regularizar el estatus de las unidades.<\/p>\n\n\n\n<p class=\"wp-block-paragraph\">Para aquellos contribuyentes sin adeudos que \u00fanicamente requieran poner al d\u00eda sus placas no vigentes, el importe a pagar pasar\u00e1 del monto regular de 2 mil 150 pesos a una tarifa fija de 999 pesos. En el caso de los automovilistas que mantienen adeudos fiscales acumulados, se estructur\u00f3 un esquema de pagos graduales donde adeudos menores a 2 mil pesos pagar\u00e1n 1,099 pesos finales, mientras que para los saldos que superen los 20 mil pesos se aplicar\u00e1 una condonaci\u00f3n del 50 por ciento sobre el total adeudado.<\/p>\n\n\n\n<p class=\"wp-block-paragraph\">Las autoridades precisaron que los usuarios que se encuentren al corriente en sus pagos de tenencia y control vehicular obtendr\u00e1n adem\u00e1s un 40 por ciento de descuento al liquidar multas por fotoinfracciones durante los tres meses de vigencia del programa. La Secretar\u00eda recomend\u00f3 a los propietarios de veh\u00edculos consultar su estado de cuenta previo a la realizaci\u00f3n del tr\u00e1mite para aprovechar los tabuladores de descuento acordes a su situaci\u00f3n.<\/p>\n","protected":false},"excerpt":{"rendered":"<p>El Gobierno del Estado de Puebla pondr\u00e1 en marcha un programa especial de regularizaci\u00f3n vehicular a partir del 1 de septiembre y hasta el 30 de noviembre, ofreciendo descuentos de hasta el 73 por ciento en tr\u00e1mites de control y placas. La Secretar\u00eda de Planeaci\u00f3n, Finanzas y Administraci\u00f3n aclar\u00f3 que este esquema no contempla un [&hellip;]<\/p>\n","protected":false},"author":1,"featured_media":91800,"comment_status":"open","ping_status":"open","sticky":false,"template":"","format":"standard","meta":{"om_disable_all_campaigns":false,"_monsterinsights_skip_tracking":false,"_monsterinsights_sitenote_active":false,"_monsterinsights_sitenote_note":"","_monsterinsights_sitenote_category":0,"footnotes":""},"categories":[175],"tags":[239,195,223],"class_list":["post-91799","post","type-post","status-publish","format-standard","has-post-thumbnail","hentry","category-local","tag-gobierno","tag-principal","tag-puebla"],"amp_enabled":true,"_links":{"self":[{"href":"https:\/\/lahora.mx\/index.php\/wp-json\/wp\/v2\/posts\/91799","targetHints":{"allow":["GET"]}}],"collection":[{"href":"https:\/\/lahora.mx\/index.php\/wp-json\/wp\/v2\/posts"}],"about":[{"href":"https:\/\/lahora.mx\/index.php\/wp-json\/wp\/v2\/types\/post"}],"author":[{"embeddable":true,"href":"https:\/\/lahora.mx\/index.php\/wp-json\/wp\/v2\/users\/1"}],"replies":[{"embeddable":true,"href":"https:\/\/lahora.mx\/index.php\/wp-json\/wp\/v2\/comments?post=91799"}],"version-history":[{"count":1,"href":"https:\/\/lahora.mx\/index.php\/wp-json\/wp\/v2\/posts\/91799\/revisions"}],"predecessor-version":[{"id":91801,"href":"https:\/\/lahora.mx\/index.php\/wp-json\/wp\/v2\/posts\/91799\/revisions\/91801"}],"wp:featuredmedia":[{"embeddable":true,"href":"https:\/\/lahora.mx\/index.php\/wp-json\/wp\/v2\/media\/91800"}],"wp:attachment":[{"href":"https:\/\/lahora.mx\/index.php\/wp-json\/wp\/v2\/media?parent=91799"}],"wp:term":[{"taxonomy":"category","embeddable":true,"href":"https:\/\/lahora.mx\/index.php\/wp-json\/wp\/v2\/categories?post=91799"},{"taxonomy":"post_tag","embeddable":true,"href":"https:\/\/lahora.mx\/index.php\/wp-json\/wp\/v2\/tags?post=91799"}],"curies":[{"name":"wp","href":"https:\/\/api.w.org\/{rel}","templated":true}]}}