{"id":91793,"date":"2026-08-31T16:22:14","date_gmt":"2026-08-31T16:22:14","guid":{"rendered":"https:\/\/lahora.mx\/?p=91793"},"modified":"2026-08-31T16:22:15","modified_gmt":"2026-08-31T16:22:15","slug":"condena-el-gobierno-de-puebla-el-homicidio-del-creador-de-contenido-ricardo-zuniga-en-tehuitzingo","status":"publish","type":"post","link":"https:\/\/lahora.mx\/index.php\/2026\/08\/31\/condena-el-gobierno-de-puebla-el-homicidio-del-creador-de-contenido-ricardo-zuniga-en-tehuitzingo\/","title":{"rendered":"Condena el Gobierno de Puebla el homicidio del creador de contenido Ricardo Z\u00fa\u00f1iga en Tehuitzingo"},"content":{"rendered":"\n<p class=\"wp-block-paragraph\"><strong>PUEBLA, PUE.<\/strong> \u2014 El Gobierno del Estado de Puebla emiti\u00f3 un pronunciamiento oficial para condenar el asesinato del creador de contenido digital e informador comunitario Ricardo Z\u00fa\u00f1iga Rosas, ocurrido el pasado s\u00e1bado 29 de agosto en la comunidad de Santa Cruz Atopoltitl\u00e1n, perteneciente al municipio de Tehuitzingo. El joven era conocido en la regi\u00f3n Mixteca por documentar la vida local y dar difusi\u00f3n a acontecimientos de inter\u00e9s p\u00fablico a trav\u00e9s de plataformas digitales.<\/p>\n\n\n\n<p class=\"wp-block-paragraph\">Mediante un comunicado de prensa, el Ejecutivo estatal reprob\u00f3 enf\u00e1ticamente cualquier acto violento que vulnere la integridad de las personas o pretenda coartar el derecho a la libertad de expresi\u00f3n. Asimismo, la administraci\u00f3n estatal precis\u00f3 que corresponde a la Fiscal\u00eda General del Estado (FGE) el esclarecimiento de los hechos, instancia que ya ha iniciado las diligencias de investigaci\u00f3n correspondientes para determinar, entre sus l\u00edneas de an\u00e1lisis, si la agresi\u00f3n armada estuvo vinculada con su actividad comunicacional.<\/p>\n\n\n\n<p class=\"wp-block-paragraph\">Por su parte, la organizaci\u00f3n internacional ARTICLE 19 document\u00f3 el crimen y exigi\u00f3 a las autoridades procuradoras de justicia desarrollar una investigaci\u00f3n exhaustiva, imparcial y expedita. La agrupaci\u00f3n defensora de la libertad de prensa revel\u00f3 que el pasado mes de mayo, Z\u00fa\u00f1iga Rosas hab\u00eda denunciado p\u00fablicamente a trav\u00e9s de sus redes sociales la recepci\u00f3n de amenazas tras publicar material fotogr\u00e1fico y realizar se\u00f1alamientos cr\u00edticos dirigidos hacia la administraci\u00f3n municipal que encabeza el edil Jorge Gervacio Estrada.<\/p>\n\n\n\n<p class=\"wp-block-paragraph\">En ese sentido, ARTICLE 19 hizo un llamado a la FGE para que la labor informativa y las denuncias previas vertidas por la v\u00edctima sean consideradas como ejes prioritarios en la indagatoria sobre la autor\u00eda material e intelectual del homicidio. El caso ha generado preocupaci\u00f3n entre comunicadores de la regi\u00f3n de la Mixteca poblana, quienes demandan garant\u00edas de seguridad para el ejercicio de la libertad de informaci\u00f3n en los municipios del interior del estado.<\/p>\n","protected":false},"excerpt":{"rendered":"<p>PUEBLA, PUE. \u2014 El Gobierno del Estado de Puebla emiti\u00f3 un pronunciamiento oficial para condenar el asesinato del creador de contenido digital e informador comunitario Ricardo Z\u00fa\u00f1iga Rosas, ocurrido el pasado s\u00e1bado 29 de agosto en la comunidad de Santa Cruz Atopoltitl\u00e1n, perteneciente al municipio de Tehuitzingo. El joven era conocido en la regi\u00f3n Mixteca [&hellip;]<\/p>\n","protected":false},"author":1,"featured_media":91794,"comment_status":"open","ping_status":"open","sticky":false,"template":"","format":"standard","meta":{"om_disable_all_campaigns":false,"_monsterinsights_skip_tracking":false,"_monsterinsights_sitenote_active":false,"_monsterinsights_sitenote_note":"","_monsterinsights_sitenote_category":0,"footnotes":""},"categories":[175],"tags":[239,223],"class_list":["post-91793","post","type-post","status-publish","format-standard","has-post-thumbnail","hentry","category-local","tag-gobierno","tag-puebla"],"amp_enabled":true,"_links":{"self":[{"href":"https:\/\/lahora.mx\/index.php\/wp-json\/wp\/v2\/posts\/91793","targetHints":{"allow":["GET"]}}],"collection":[{"href":"https:\/\/lahora.mx\/index.php\/wp-json\/wp\/v2\/posts"}],"about":[{"href":"https:\/\/lahora.mx\/index.php\/wp-json\/wp\/v2\/types\/post"}],"author":[{"embeddable":true,"href":"https:\/\/lahora.mx\/index.php\/wp-json\/wp\/v2\/users\/1"}],"replies":[{"embeddable":true,"href":"https:\/\/lahora.mx\/index.php\/wp-json\/wp\/v2\/comments?post=91793"}],"version-history":[{"count":1,"href":"https:\/\/lahora.mx\/index.php\/wp-json\/wp\/v2\/posts\/91793\/revisions"}],"predecessor-version":[{"id":91795,"href":"https:\/\/lahora.mx\/index.php\/wp-json\/wp\/v2\/posts\/91793\/revisions\/91795"}],"wp:featuredmedia":[{"embeddable":true,"href":"https:\/\/lahora.mx\/index.php\/wp-json\/wp\/v2\/media\/91794"}],"wp:attachment":[{"href":"https:\/\/lahora.mx\/index.php\/wp-json\/wp\/v2\/media?parent=91793"}],"wp:term":[{"taxonomy":"category","embeddable":true,"href":"https:\/\/lahora.mx\/index.php\/wp-json\/wp\/v2\/categories?post=91793"},{"taxonomy":"post_tag","embeddable":true,"href":"https:\/\/lahora.mx\/index.php\/wp-json\/wp\/v2\/tags?post=91793"}],"curies":[{"name":"wp","href":"https:\/\/api.w.org\/{rel}","templated":true}]}}