{"id":91790,"date":"2026-08-31T16:21:22","date_gmt":"2026-08-31T16:21:22","guid":{"rendered":"https:\/\/lahora.mx\/?p=91790"},"modified":"2026-08-31T16:21:23","modified_gmt":"2026-08-31T16:21:23","slug":"presenta-el-gobierno-federal-el-programa-el-abc-de-las-emociones-para-escuelas-de-todo-el-pais","status":"publish","type":"post","link":"https:\/\/lahora.mx\/index.php\/2026\/08\/31\/presenta-el-gobierno-federal-el-programa-el-abc-de-las-emociones-para-escuelas-de-todo-el-pais\/","title":{"rendered":"Presenta el Gobierno federal el programa \u00abEl ABC de las emociones\u00bb para escuelas de todo el pa\u00eds"},"content":{"rendered":"\n<p class=\"wp-block-paragraph\"><strong>CIUDAD DE M\u00c9XICO.<\/strong> \u2014 En el marco del inicio del ciclo escolar 2026-2027, el Gobierno federal anunci\u00f3 el lanzamiento del programa nacional \u00abEl ABC de las emociones\u00bb, una iniciativa orientada a brindar a ni\u00f1os, ni\u00f1as y adolescentes de educaci\u00f3n b\u00e1sica y media superior herramientas socioemocionales para identificar, comprender y gestionar sus sentimientos dentro del entorno escolar. La estrategia busca integrar el bienestar emocional como un eje fundamental en el proceso educativo del pa\u00eds.<\/p>\n\n\n\n<p class=\"wp-block-paragraph\">Durante la presentaci\u00f3n del proyecto en la conferencia matutina del Ejecutivo, el titular de la Secretar\u00eda de Educaci\u00f3n P\u00fablica (SEP), Mario Delgado Carrillo, explic\u00f3 que la propuesta permitir\u00e1 a las y los alumnos canalizar adecuadamente la informaci\u00f3n que transmiten las emociones frente a situaciones que les generan agrado, ansiedad o malestar. El funcionario destac\u00f3 que, para fortalecer el alcance del programa, entre los meses de octubre y diciembre se realizar\u00e1n asambleas escolares donde se involucrar\u00e1 a los padres de familia en el desarrollo emocional de sus hijos.<\/p>\n\n\n\n<p class=\"wp-block-paragraph\">Como parte del calendario de actividades transversales para el nuevo periodo acad\u00e9mico, Delgado Carrillo inform\u00f3 que el pr\u00f3ximo 23 de septiembre funcionarios del sector p\u00fablico visitar\u00e1n las escuelas p\u00fablicas del pa\u00eds para realizar jornadas de lectura de cuentos y libros con los estudiantes. Estas acciones acompa\u00f1ar\u00e1n el inicio de clases de aproximadamente 28 millones de alumnos de los niveles b\u00e1sico y medio superior que regresan formalmente a las aulas en todo el territorio nacional.<\/p>\n\n\n\n<p class=\"wp-block-paragraph\">Por \u00faltimo, el titular de la SEP reafirm\u00f3 el compromiso gubernamental de alcanzar la cobertura universal de becas en el sistema p\u00fablico. Detall\u00f3 que los estudiantes de educaci\u00f3n primaria comenzar\u00e1n a incorporarse al esquema de la Beca Rita Cetina, al tiempo que se mantendr\u00e1 el otorgamiento de apoyos econ\u00f3micos para los niveles de secundaria y bachillerato, garantizando la permanencia escolar de las y los j\u00f3venes mexicanos.<\/p>\n","protected":false},"excerpt":{"rendered":"<p>CIUDAD DE M\u00c9XICO. \u2014 En el marco del inicio del ciclo escolar 2026-2027, el Gobierno federal anunci\u00f3 el lanzamiento del programa nacional \u00abEl ABC de las emociones\u00bb, una iniciativa orientada a brindar a ni\u00f1os, ni\u00f1as y adolescentes de educaci\u00f3n b\u00e1sica y media superior herramientas socioemocionales para identificar, comprender y gestionar sus sentimientos dentro del entorno [&hellip;]<\/p>\n","protected":false},"author":1,"featured_media":91791,"comment_status":"open","ping_status":"open","sticky":false,"template":"","format":"standard","meta":{"om_disable_all_campaigns":false,"_monsterinsights_skip_tracking":false,"_monsterinsights_sitenote_active":false,"_monsterinsights_sitenote_note":"","_monsterinsights_sitenote_category":0,"footnotes":""},"categories":[176],"tags":[195],"class_list":["post-91790","post","type-post","status-publish","format-standard","has-post-thumbnail","hentry","category-nacional","tag-principal"],"amp_enabled":true,"_links":{"self":[{"href":"https:\/\/lahora.mx\/index.php\/wp-json\/wp\/v2\/posts\/91790","targetHints":{"allow":["GET"]}}],"collection":[{"href":"https:\/\/lahora.mx\/index.php\/wp-json\/wp\/v2\/posts"}],"about":[{"href":"https:\/\/lahora.mx\/index.php\/wp-json\/wp\/v2\/types\/post"}],"author":[{"embeddable":true,"href":"https:\/\/lahora.mx\/index.php\/wp-json\/wp\/v2\/users\/1"}],"replies":[{"embeddable":true,"href":"https:\/\/lahora.mx\/index.php\/wp-json\/wp\/v2\/comments?post=91790"}],"version-history":[{"count":1,"href":"https:\/\/lahora.mx\/index.php\/wp-json\/wp\/v2\/posts\/91790\/revisions"}],"predecessor-version":[{"id":91792,"href":"https:\/\/lahora.mx\/index.php\/wp-json\/wp\/v2\/posts\/91790\/revisions\/91792"}],"wp:featuredmedia":[{"embeddable":true,"href":"https:\/\/lahora.mx\/index.php\/wp-json\/wp\/v2\/media\/91791"}],"wp:attachment":[{"href":"https:\/\/lahora.mx\/index.php\/wp-json\/wp\/v2\/media?parent=91790"}],"wp:term":[{"taxonomy":"category","embeddable":true,"href":"https:\/\/lahora.mx\/index.php\/wp-json\/wp\/v2\/categories?post=91790"},{"taxonomy":"post_tag","embeddable":true,"href":"https:\/\/lahora.mx\/index.php\/wp-json\/wp\/v2\/tags?post=91790"}],"curies":[{"name":"wp","href":"https:\/\/api.w.org\/{rel}","templated":true}]}}