{"id":91784,"date":"2026-08-31T15:41:25","date_gmt":"2026-08-31T15:41:25","guid":{"rendered":"https:\/\/lahora.mx\/?p=91784"},"modified":"2026-08-31T15:41:26","modified_gmt":"2026-08-31T15:41:26","slug":"91784","status":"publish","type":"post","link":"https:\/\/lahora.mx\/index.php\/2026\/08\/31\/91784\/","title":{"rendered":""},"content":{"rendered":"\n<h1 class=\"wp-block-heading\">Despliegan a la Polic\u00eda Municipal de Puebla para resguardar el regreso a clases de 1.6 millones de alumnos<\/h1>\n\n\n\n<p class=\"wp-block-paragraph\"><strong>PUEBLA, PUE.<\/strong> \u2014 Elementos de la Secretar\u00eda de Seguridad Ciudadana (SSC) del Municipio de Puebla pusieron en marcha un dispositivo de vigilancia y movilidad en las inmediaciones de diversos planteles educativos de la capital, entre los que destaca el Centro Escolar Ni\u00f1os H\u00e9roes de Chapultepec (Cenhch), para garantizar la seguridad de la comunidad escolar durante el inicio del ciclo lectivo 2026-2027. Las acciones se enmarcan en el inicio de actividades acad\u00e9micas para cerca de 1.6 millones de estudiantes de educaci\u00f3n b\u00e1sica y media superior en la entidad.<\/p>\n\n\n\n<p class=\"wp-block-paragraph\">A trav\u00e9s del \u00abOperativo Escuela Segura\u00bb, el gobierno municipal destin\u00f3 un contingente de 120 efectivos pertenecientes a la Direcci\u00f3n General de Control de Tr\u00e1nsito y al \u00e1rea de Prevenci\u00f3n del Delito. Dicho personal realiza labores de proximidad social, agilizaci\u00f3n de la circulaci\u00f3n vehicular e inhibici\u00f3n de faltas al reglamento de tr\u00e1nsito en los accesos de escuelas p\u00fablicas y privadas, buscando prevenir incidentes viales y hechos delictivos durante las horas de mayor afluencia.<\/p>\n\n\n\n<p class=\"wp-block-paragraph\">La jornada de retorno a las aulas implic\u00f3 un notable incremento en la movilidad urbana desde las primeras horas del d\u00eda. El ingreso de los alumnos de nivel secundaria inici\u00f3 antes de las 07:00 horas, seguido por el flujo masivo correspondiente a las escuelas primarias hacia las 08:00 horas, para concluir con la entrada de los estudiantes de educaci\u00f3n preescolar a las 09:00 horas. Esta escalonada afluencia gener\u00f3 una intensa carga vehicular en los principales corredores del municipio.<\/p>\n\n\n\n<p class=\"wp-block-paragraph\">Para facilitar la convivencia vial y garantizar un regreso a clases ordenado, la corporaci\u00f3n municipal emiti\u00f3 una serie de recomendaciones dirigidas a los padres de familia y tutores. Entre las medidas recomendadas destacan programar los tiempos de traslado con anticipaci\u00f3n, evitar estacionarse en doble fila frente a las portadas de las instituciones y asegurarse de que los estudiantes porten su credencial escolar para hacer efectivo el descuento correspondiente en el transporte p\u00fablico.<\/p>\n","protected":false},"excerpt":{"rendered":"<p>Despliegan a la Polic\u00eda Municipal de Puebla para resguardar el regreso a clases de 1.6 millones de alumnos PUEBLA, PUE. \u2014 Elementos de la Secretar\u00eda de Seguridad Ciudadana (SSC) del Municipio de Puebla pusieron en marcha un dispositivo de vigilancia y movilidad en las inmediaciones de diversos planteles educativos de la capital, entre los que [&hellip;]<\/p>\n","protected":false},"author":1,"featured_media":91785,"comment_status":"open","ping_status":"open","sticky":false,"template":"","format":"standard","meta":{"om_disable_all_campaigns":false,"_monsterinsights_skip_tracking":false,"_monsterinsights_sitenote_active":false,"_monsterinsights_sitenote_note":"","_monsterinsights_sitenote_category":0,"footnotes":""},"categories":[175],"tags":[239,195,223],"class_list":["post-91784","post","type-post","status-publish","format-standard","has-post-thumbnail","hentry","category-local","tag-gobierno","tag-principal","tag-puebla"],"amp_enabled":true,"_links":{"self":[{"href":"https:\/\/lahora.mx\/index.php\/wp-json\/wp\/v2\/posts\/91784","targetHints":{"allow":["GET"]}}],"collection":[{"href":"https:\/\/lahora.mx\/index.php\/wp-json\/wp\/v2\/posts"}],"about":[{"href":"https:\/\/lahora.mx\/index.php\/wp-json\/wp\/v2\/types\/post"}],"author":[{"embeddable":true,"href":"https:\/\/lahora.mx\/index.php\/wp-json\/wp\/v2\/users\/1"}],"replies":[{"embeddable":true,"href":"https:\/\/lahora.mx\/index.php\/wp-json\/wp\/v2\/comments?post=91784"}],"version-history":[{"count":1,"href":"https:\/\/lahora.mx\/index.php\/wp-json\/wp\/v2\/posts\/91784\/revisions"}],"predecessor-version":[{"id":91786,"href":"https:\/\/lahora.mx\/index.php\/wp-json\/wp\/v2\/posts\/91784\/revisions\/91786"}],"wp:featuredmedia":[{"embeddable":true,"href":"https:\/\/lahora.mx\/index.php\/wp-json\/wp\/v2\/media\/91785"}],"wp:attachment":[{"href":"https:\/\/lahora.mx\/index.php\/wp-json\/wp\/v2\/media?parent=91784"}],"wp:term":[{"taxonomy":"category","embeddable":true,"href":"https:\/\/lahora.mx\/index.php\/wp-json\/wp\/v2\/categories?post=91784"},{"taxonomy":"post_tag","embeddable":true,"href":"https:\/\/lahora.mx\/index.php\/wp-json\/wp\/v2\/tags?post=91784"}],"curies":[{"name":"wp","href":"https:\/\/api.w.org\/{rel}","templated":true}]}}