{"id":91778,"date":"2026-08-31T15:37:18","date_gmt":"2026-08-31T15:37:18","guid":{"rendered":"https:\/\/lahora.mx\/?p=91778"},"modified":"2026-08-31T15:37:19","modified_gmt":"2026-08-31T15:37:19","slug":"distinguen-a-la-academica-diana-isabel-hernandez-juarez-con-el-doctorado-honoris-causa-en-argentina","status":"publish","type":"post","link":"https:\/\/lahora.mx\/index.php\/2026\/08\/31\/distinguen-a-la-academica-diana-isabel-hernandez-juarez-con-el-doctorado-honoris-causa-en-argentina\/","title":{"rendered":"Distinguen a la acad\u00e9mica Diana Isabel Hern\u00e1ndez Ju\u00e1rez con el Doctorado Honoris Causa en Argentina"},"content":{"rendered":"\n<p class=\"wp-block-paragraph\">La profesora e investigadora de la Facultad de Filosof\u00eda y Letras (FFyL) de la Benem\u00e9rita Universidad Aut\u00f3noma de Puebla (BUAP), Diana Isabel Hern\u00e1ndez Ju\u00e1rez, fue galardonada en la ciudad de Buenos Aires, Argentina, con el Doctorado Honoris Causa y la Orden Dorada Magisterial. Ambas distinciones fueron concedidas por la Organizaci\u00f3n Internacional para la Inclusi\u00f3n y Calidad Educativa (OIICE), en reconocimiento a su sobresaliente trayectoria en el \u00e1mbito docente y a sus aportaciones al conocimiento acad\u00e9mico durante m\u00e1s de tres d\u00e9cadas.<\/p>\n\n\n\n<p class=\"wp-block-paragraph\">El organismo internacional destac\u00f3 sus 33 a\u00f1os de labor profesional ininterrumpida, tiempo en el que ha enfocado sus l\u00edneas de investigaci\u00f3n en el estudio del feminismo, la literatura escrita por mujeres, la diversidad sexual y las narrativas de la comunicaci\u00f3n y el periodismo con perspectiva de g\u00e9nero. Al recibir estos reconocimientos, Hern\u00e1ndez Ju\u00e1rez expres\u00f3 su profundo agradecimiento a la BUAP, instituci\u00f3n en la que realiz\u00f3 toda su formaci\u00f3n acad\u00e9mica desde el nivel medio superior hasta el doctorado, y dentro de la cual ha ejercido funciones docentes, de investigaci\u00f3n y de gesti\u00f3n administrativa.<\/p>\n\n\n\n<p class=\"wp-block-paragraph\">La galardonada posee el grado de Doctora en Literatura Hispanoamericana, forma parte activa del Cuerpo Acad\u00e9mico \u201cM\u00e1rgenes al Canon Literario Hispanoamericano\u201d y cuenta con el reconocimiento de Nivel 1 dentro del Sistema Nacional de Investigadoras e Investigadores (SNII). Su prol\u00edfica labor intelectual incluye la publicaci\u00f3n de 35 art\u00edculos arbitrados en revistas especializadas, as\u00ed como intervenciones en 38 congresos nacionales e internacionales centrados en las intersecciones entre la literatura, el periodismo y los estudios de g\u00e9nero.<\/p>\n\n\n\n<p class=\"wp-block-paragraph\">Entre sus contribuciones bibliogr\u00e1ficas m\u00e1s relevantes destaca la autor\u00eda del libro <em>Escritora feminista, periodista n\u00f3made, revisi\u00f3n a la obra de Elena Poniatowska<\/em>, adem\u00e1s de haber coordinado cinco vol\u00famenes enfocados en el rescate cr\u00edtico de autoras mexicanas. En la actualidad, la investigadora encabeza el colectivo universitario \u201cElenistas Puebla\u201d, un proyecto que re\u00fane a estudiantes y acad\u00e9micos de la FFyL orientado a rescatar y difundir la producci\u00f3n literaria de Elena Garro y otras creadoras clave del panorama literario nacional.<\/p>\n","protected":false},"excerpt":{"rendered":"<p>La profesora e investigadora de la Facultad de Filosof\u00eda y Letras (FFyL) de la Benem\u00e9rita Universidad Aut\u00f3noma de Puebla (BUAP), Diana Isabel Hern\u00e1ndez Ju\u00e1rez, fue galardonada en la ciudad de Buenos Aires, Argentina, con el Doctorado Honoris Causa y la Orden Dorada Magisterial. Ambas distinciones fueron concedidas por la Organizaci\u00f3n Internacional para la Inclusi\u00f3n y [&hellip;]<\/p>\n","protected":false},"author":1,"featured_media":91779,"comment_status":"open","ping_status":"open","sticky":false,"template":"","format":"standard","meta":{"om_disable_all_campaigns":false,"_monsterinsights_skip_tracking":false,"footnotes":""},"categories":[175],"tags":[186,223],"class_list":["post-91778","post","type-post","status-publish","format-standard","has-post-thumbnail","hentry","category-local","tag-buap","tag-puebla"],"amp_enabled":true,"_links":{"self":[{"href":"https:\/\/lahora.mx\/index.php\/wp-json\/wp\/v2\/posts\/91778","targetHints":{"allow":["GET"]}}],"collection":[{"href":"https:\/\/lahora.mx\/index.php\/wp-json\/wp\/v2\/posts"}],"about":[{"href":"https:\/\/lahora.mx\/index.php\/wp-json\/wp\/v2\/types\/post"}],"author":[{"embeddable":true,"href":"https:\/\/lahora.mx\/index.php\/wp-json\/wp\/v2\/users\/1"}],"replies":[{"embeddable":true,"href":"https:\/\/lahora.mx\/index.php\/wp-json\/wp\/v2\/comments?post=91778"}],"version-history":[{"count":1,"href":"https:\/\/lahora.mx\/index.php\/wp-json\/wp\/v2\/posts\/91778\/revisions"}],"predecessor-version":[{"id":91780,"href":"https:\/\/lahora.mx\/index.php\/wp-json\/wp\/v2\/posts\/91778\/revisions\/91780"}],"wp:featuredmedia":[{"embeddable":true,"href":"https:\/\/lahora.mx\/index.php\/wp-json\/wp\/v2\/media\/91779"}],"wp:attachment":[{"href":"https:\/\/lahora.mx\/index.php\/wp-json\/wp\/v2\/media?parent=91778"}],"wp:term":[{"taxonomy":"category","embeddable":true,"href":"https:\/\/lahora.mx\/index.php\/wp-json\/wp\/v2\/categories?post=91778"},{"taxonomy":"post_tag","embeddable":true,"href":"https:\/\/lahora.mx\/index.php\/wp-json\/wp\/v2\/tags?post=91778"}],"curies":[{"name":"wp","href":"https:\/\/api.w.org\/{rel}","templated":true}]}}