{"id":91771,"date":"2026-08-31T06:43:53","date_gmt":"2026-08-31T06:43:53","guid":{"rendered":"https:\/\/lahora.mx\/?p=91771"},"modified":"2026-08-31T06:43:54","modified_gmt":"2026-08-31T06:43:54","slug":"tiroteo-en-festival-de-musica-techno-en-suiza-deja-un-muerto-y-cinco-heridos","status":"publish","type":"post","link":"https:\/\/lahora.mx\/index.php\/2026\/08\/31\/tiroteo-en-festival-de-musica-techno-en-suiza-deja-un-muerto-y-cinco-heridos\/","title":{"rendered":"Tiroteo en festival de m\u00fasica techno en Suiza deja un muerto y cinco heridos"},"content":{"rendered":"\n<p class=\"wp-block-paragraph\">Un tiroteo registrado durante la madrugada del domingo en un festival de m\u00fasica electr\u00f3nica en Aarau, Suiza, dej\u00f3 como saldo una persona fallecida y cinco m\u00e1s heridas. Las autoridades policiales mantienen desplegado un operativo de b\u00fasqueda a gran escala para dar con el paradero de el o los responsables del ataque.<\/p>\n\n\n\n<p class=\"wp-block-paragraph\">Los hechos se produjeron antes de las 3:00 horas en el hip\u00f3dromo de la ciudad durante el evento \u00abAarauer Rave\u00bb, al cual asist\u00edan cerca de 3 mil personas. De acuerdo con testimonios recogidos por medios locales, en el recinto se escucharon r\u00e1fagas de disparos, lo que provoc\u00f3 p\u00e1nico entre los asistentes antes de que los agresores se dieran a la fuga.<\/p>\n\n\n\n<p class=\"wp-block-paragraph\">La primera ministra de Italia, Giorgia Meloni, confirm\u00f3 que la v\u00edctima mortal fue una ciudadana italiana de 22 a\u00f1os, mientras que otros dos connacionales suyos resultaron lesionados. La identidad del resto de las personas heridas se ha mantenido bajo reserva por las autoridades suizas, quienes acordonaron la zona e integraron helic\u00f3pteros militares a las labores de rastreo.<\/p>\n\n\n\n<p class=\"wp-block-paragraph\">Hasta el momento, la polic\u00eda no ha determinado el m\u00f3vil del crimen ni si se trat\u00f3 de un hecho perpetrado por una o varias personas. La corporaci\u00f3n solicit\u00f3 la colaboraci\u00f3n de los asistentes para recabar fotograf\u00edas y v\u00eddeos del evento, al tiempo que recomend\u00f3 a la poblaci\u00f3n evitar las inmediaciones del sector mientras contin\u00faan los peritajes e investigaciones.<\/p>\n","protected":false},"excerpt":{"rendered":"<p>Un tiroteo registrado durante la madrugada del domingo en un festival de m\u00fasica electr\u00f3nica en Aarau, Suiza, dej\u00f3 como saldo una persona fallecida y cinco m\u00e1s heridas. Las autoridades policiales mantienen desplegado un operativo de b\u00fasqueda a gran escala para dar con el paradero de el o los responsables del ataque. Los hechos se produjeron [&hellip;]<\/p>\n","protected":false},"author":1,"featured_media":91772,"comment_status":"open","ping_status":"open","sticky":false,"template":"","format":"standard","meta":{"om_disable_all_campaigns":false,"_monsterinsights_skip_tracking":false,"_monsterinsights_sitenote_active":false,"_monsterinsights_sitenote_note":"","_monsterinsights_sitenote_category":0,"footnotes":""},"categories":[183],"tags":[],"class_list":["post-91771","post","type-post","status-publish","format-standard","has-post-thumbnail","hentry","category-internacional"],"amp_enabled":true,"_links":{"self":[{"href":"https:\/\/lahora.mx\/index.php\/wp-json\/wp\/v2\/posts\/91771","targetHints":{"allow":["GET"]}}],"collection":[{"href":"https:\/\/lahora.mx\/index.php\/wp-json\/wp\/v2\/posts"}],"about":[{"href":"https:\/\/lahora.mx\/index.php\/wp-json\/wp\/v2\/types\/post"}],"author":[{"embeddable":true,"href":"https:\/\/lahora.mx\/index.php\/wp-json\/wp\/v2\/users\/1"}],"replies":[{"embeddable":true,"href":"https:\/\/lahora.mx\/index.php\/wp-json\/wp\/v2\/comments?post=91771"}],"version-history":[{"count":1,"href":"https:\/\/lahora.mx\/index.php\/wp-json\/wp\/v2\/posts\/91771\/revisions"}],"predecessor-version":[{"id":91773,"href":"https:\/\/lahora.mx\/index.php\/wp-json\/wp\/v2\/posts\/91771\/revisions\/91773"}],"wp:featuredmedia":[{"embeddable":true,"href":"https:\/\/lahora.mx\/index.php\/wp-json\/wp\/v2\/media\/91772"}],"wp:attachment":[{"href":"https:\/\/lahora.mx\/index.php\/wp-json\/wp\/v2\/media?parent=91771"}],"wp:term":[{"taxonomy":"category","embeddable":true,"href":"https:\/\/lahora.mx\/index.php\/wp-json\/wp\/v2\/categories?post=91771"},{"taxonomy":"post_tag","embeddable":true,"href":"https:\/\/lahora.mx\/index.php\/wp-json\/wp\/v2\/tags?post=91771"}],"curies":[{"name":"wp","href":"https:\/\/api.w.org\/{rel}","templated":true}]}}