{"id":91764,"date":"2026-08-31T06:42:22","date_gmt":"2026-08-31T06:42:22","guid":{"rendered":"https:\/\/lahora.mx\/?p=91764"},"modified":"2026-08-31T06:42:53","modified_gmt":"2026-08-31T06:42:53","slug":"puebla-se-viste-de-patrio-con-mas-de-2-mil-400-luminarias-en-el-centro-historico","status":"publish","type":"post","link":"https:\/\/lahora.mx\/index.php\/2026\/08\/31\/puebla-se-viste-de-patrio-con-mas-de-2-mil-400-luminarias-en-el-centro-historico\/","title":{"rendered":"Puebla se viste de patrio con m\u00e1s de 2 mil 400 luminarias en el Centro Hist\u00f3rico"},"content":{"rendered":"\n<p class=\"wp-block-paragraph\">El Centro Hist\u00f3rico de la capital poblana transform\u00f3 su fisonom\u00eda nocturna con el encendido de m\u00e1s de 2 mil 400 luces decorativas en tonos verde, blanco y rojo. La ceremonia de inicio fue encabezada este domingo por el edil Jos\u00e9 Chedraui Budib, dando paso formal a los preparativos de la ciudad rumbo a la conmemoraci\u00f3n del 15 de septiembre.<\/p>\n\n\n\n<p class=\"wp-block-paragraph\">El despliegue ornamental abarca importantes vialidades, templos y monumentos ic\u00f3nicos de la zona tur\u00edstica, tales como el \u00c1ngel de Analco, la Calzada Zaragoza, el Barrio del Artista, el bulevar 5 de Mayo y el Templo de San Francisco. Asimismo, se contempl\u00f3 la decoraci\u00f3n especial en el Puente de Ovando, El Pari\u00e1n, el Teatro Principal, la Plaza del Migrante y los corredores de las calles 2 Norte y 2 Sur.<\/p>\n\n\n\n<p class=\"wp-block-paragraph\">En el coraz\u00f3n de la ciudad, el Palacio Municipal luci\u00f3 adornos alusivos con la palabra \u00abM\u00e9xico\u00bb, acompa\u00f1ados por las siluetas de h\u00e9roes patrios como Miguel Hidalgo, Jos\u00e9 Mar\u00eda Morelos y Josefa Ortiz de Dom\u00ednguez. La estructura arquitect\u00f3nica tambi\u00e9n fue enmarcada con campanas luminosas y listones tricolores que se extienden hacia las vialidades aleda\u00f1as.<\/p>\n\n\n\n<p class=\"wp-block-paragraph\">En las inmediaciones del Z\u00f3calo capitalino y la Fuente de San Miguel se montaron marcos decorativos con la leyenda \u00abViva M\u00e9xico\u00bb, un kiosco de luces, letras monumentales e im\u00e1genes del \u00e1guila devorando una serpiente inspiradas en el escudo nacional. Las autoridades informaron que la iluminaci\u00f3n permanecer\u00e1 instalada durante todo septiembre para el disfrute de la poblaci\u00f3n.<\/p>\n","protected":false},"excerpt":{"rendered":"<p>El Centro Hist\u00f3rico de la capital poblana transform\u00f3 su fisonom\u00eda nocturna con el encendido de m\u00e1s de 2 mil 400 luces decorativas en tonos verde, blanco y rojo. La ceremonia de inicio fue encabezada este domingo por el edil Jos\u00e9 Chedraui Budib, dando paso formal a los preparativos de la ciudad rumbo a la conmemoraci\u00f3n [&hellip;]<\/p>\n","protected":false},"author":1,"featured_media":91767,"comment_status":"open","ping_status":"open","sticky":false,"template":"","format":"standard","meta":{"om_disable_all_campaigns":false,"_monsterinsights_skip_tracking":false,"_monsterinsights_sitenote_active":false,"_monsterinsights_sitenote_note":"","_monsterinsights_sitenote_category":0,"footnotes":""},"categories":[175],"tags":[195,223],"class_list":["post-91764","post","type-post","status-publish","format-standard","has-post-thumbnail","hentry","category-local","tag-principal","tag-puebla"],"amp_enabled":true,"_links":{"self":[{"href":"https:\/\/lahora.mx\/index.php\/wp-json\/wp\/v2\/posts\/91764","targetHints":{"allow":["GET"]}}],"collection":[{"href":"https:\/\/lahora.mx\/index.php\/wp-json\/wp\/v2\/posts"}],"about":[{"href":"https:\/\/lahora.mx\/index.php\/wp-json\/wp\/v2\/types\/post"}],"author":[{"embeddable":true,"href":"https:\/\/lahora.mx\/index.php\/wp-json\/wp\/v2\/users\/1"}],"replies":[{"embeddable":true,"href":"https:\/\/lahora.mx\/index.php\/wp-json\/wp\/v2\/comments?post=91764"}],"version-history":[{"count":1,"href":"https:\/\/lahora.mx\/index.php\/wp-json\/wp\/v2\/posts\/91764\/revisions"}],"predecessor-version":[{"id":91766,"href":"https:\/\/lahora.mx\/index.php\/wp-json\/wp\/v2\/posts\/91764\/revisions\/91766"}],"wp:featuredmedia":[{"embeddable":true,"href":"https:\/\/lahora.mx\/index.php\/wp-json\/wp\/v2\/media\/91767"}],"wp:attachment":[{"href":"https:\/\/lahora.mx\/index.php\/wp-json\/wp\/v2\/media?parent=91764"}],"wp:term":[{"taxonomy":"category","embeddable":true,"href":"https:\/\/lahora.mx\/index.php\/wp-json\/wp\/v2\/categories?post=91764"},{"taxonomy":"post_tag","embeddable":true,"href":"https:\/\/lahora.mx\/index.php\/wp-json\/wp\/v2\/tags?post=91764"}],"curies":[{"name":"wp","href":"https:\/\/api.w.org\/{rel}","templated":true}]}}