{"id":91761,"date":"2026-08-31T06:41:19","date_gmt":"2026-08-31T06:41:19","guid":{"rendered":"https:\/\/lahora.mx\/?p=91761"},"modified":"2026-08-31T06:41:20","modified_gmt":"2026-08-31T06:41:20","slug":"encabeza-pepe-chedraui-el-encendido-de-iluminacion-por-fiestas-patrias-en-puebla","status":"publish","type":"post","link":"https:\/\/lahora.mx\/index.php\/2026\/08\/31\/encabeza-pepe-chedraui-el-encendido-de-iluminacion-por-fiestas-patrias-en-puebla\/","title":{"rendered":"Encabeza Pepe Chedraui el encendido de iluminaci\u00f3n por Fiestas Patrias en Puebla"},"content":{"rendered":"\n<p class=\"wp-block-paragraph\">Con el objetivo de enaltecer los valores hist\u00f3ricos, la cultura y la identidad nacional, el presidente municipal de Puebla, Pepe Chedraui, encabez\u00f3 el encendido de la iluminaci\u00f3n conmemorativa con motivo de las Fiestas Patrias. La intervenci\u00f3n abarca diversos puntos del primer cuadro de la ciudad y acompa\u00f1ar\u00e1 las celebraciones mexicanas durante todo el mes de septiembre.<\/p>\n\n\n\n<p class=\"wp-block-paragraph\">Para esta ambientaci\u00f3n festiva, el Gobierno de la Ciudad instal\u00f3 m\u00e1s de 2 mil 400 piezas luminosas con tecnolog\u00eda LED. Estas estructuras incluyen im\u00e1genes alusivas a la Independencia de M\u00e9xico, trasformando avenidas, plazas y edificios emblem\u00e1ticos en escenarios que buscan fomentar la convivencia y el orgullo patri\u00f3tico entre la ciudadan\u00eda y los visitantes.<\/p>\n\n\n\n<p class=\"wp-block-paragraph\">Las luminarias se colocaron en sitios clave del Centro Hist\u00f3rico y sus inmediaciones. Entre las ubicaciones intervenidas destacan la fachada del Palacio Municipal, el Z\u00f3calo, la calle 16 de Septiembre, la avenida Juan de Palafox y Mendoza, la avenida Reforma, el bulevar 5 de Mayo, el \u00c1ngel Custodio, el Barrio del Artista, el Teatro Principal, El Pari\u00e1n, las calles 2 Sur y 2 Norte, la Calzada Ignacio Zaragoza, la Plaza del Migrante, as\u00ed como los puentes de Ovando y de San Francisco.<\/p>\n\n\n\n<p class=\"wp-block-paragraph\">Con este despliegue lum\u00ednico, la administraci\u00f3n municipal refrend\u00f3 el compromiso de Pepe Chedraui de preservar las tradiciones populares y consolidar al Centro Hist\u00f3rico como un espacio de encuentro id\u00f3neo para que las familias poblanas disfruten y compartan los festejos patrios.<\/p>\n","protected":false},"excerpt":{"rendered":"<p>Con el objetivo de enaltecer los valores hist\u00f3ricos, la cultura y la identidad nacional, el presidente municipal de Puebla, Pepe Chedraui, encabez\u00f3 el encendido de la iluminaci\u00f3n conmemorativa con motivo de las Fiestas Patrias. La intervenci\u00f3n abarca diversos puntos del primer cuadro de la ciudad y acompa\u00f1ar\u00e1 las celebraciones mexicanas durante todo el mes de [&hellip;]<\/p>\n","protected":false},"author":1,"featured_media":91762,"comment_status":"open","ping_status":"open","sticky":false,"template":"","format":"standard","meta":{"om_disable_all_campaigns":false,"_monsterinsights_skip_tracking":false,"_monsterinsights_sitenote_active":false,"_monsterinsights_sitenote_note":"","_monsterinsights_sitenote_category":0,"footnotes":""},"categories":[175],"tags":[320,195],"class_list":["post-91761","post","type-post","status-publish","format-standard","has-post-thumbnail","hentry","category-local","tag-chedraui","tag-principal"],"amp_enabled":true,"_links":{"self":[{"href":"https:\/\/lahora.mx\/index.php\/wp-json\/wp\/v2\/posts\/91761","targetHints":{"allow":["GET"]}}],"collection":[{"href":"https:\/\/lahora.mx\/index.php\/wp-json\/wp\/v2\/posts"}],"about":[{"href":"https:\/\/lahora.mx\/index.php\/wp-json\/wp\/v2\/types\/post"}],"author":[{"embeddable":true,"href":"https:\/\/lahora.mx\/index.php\/wp-json\/wp\/v2\/users\/1"}],"replies":[{"embeddable":true,"href":"https:\/\/lahora.mx\/index.php\/wp-json\/wp\/v2\/comments?post=91761"}],"version-history":[{"count":1,"href":"https:\/\/lahora.mx\/index.php\/wp-json\/wp\/v2\/posts\/91761\/revisions"}],"predecessor-version":[{"id":91763,"href":"https:\/\/lahora.mx\/index.php\/wp-json\/wp\/v2\/posts\/91761\/revisions\/91763"}],"wp:featuredmedia":[{"embeddable":true,"href":"https:\/\/lahora.mx\/index.php\/wp-json\/wp\/v2\/media\/91762"}],"wp:attachment":[{"href":"https:\/\/lahora.mx\/index.php\/wp-json\/wp\/v2\/media?parent=91761"}],"wp:term":[{"taxonomy":"category","embeddable":true,"href":"https:\/\/lahora.mx\/index.php\/wp-json\/wp\/v2\/categories?post=91761"},{"taxonomy":"post_tag","embeddable":true,"href":"https:\/\/lahora.mx\/index.php\/wp-json\/wp\/v2\/tags?post=91761"}],"curies":[{"name":"wp","href":"https:\/\/api.w.org\/{rel}","templated":true}]}}