{"id":91758,"date":"2026-08-31T01:06:35","date_gmt":"2026-08-31T01:06:35","guid":{"rendered":"https:\/\/lahora.mx\/?p=91758"},"modified":"2026-08-31T01:06:36","modified_gmt":"2026-08-31T01:06:36","slug":"ballet-fundadores-de-puebla-recibe-reconocimiento-tras-exitosa-gira-cultural-por-colombia","status":"publish","type":"post","link":"https:\/\/lahora.mx\/index.php\/2026\/08\/31\/ballet-fundadores-de-puebla-recibe-reconocimiento-tras-exitosa-gira-cultural-por-colombia\/","title":{"rendered":"Ballet Fundadores de Puebla Recibe Reconocimiento Tras Exitosa Gira Cultural por Colombia"},"content":{"rendered":"\n<p class=\"wp-block-paragraph\">El Ballet Folkl\u00f3rico Fundadores de Puebla recibi\u00f3 un merecido reconocimiento por parte de autoridades culturales locales tras concluir con \u00e9xito una destacada gira internacional por diversas ciudades de la Rep\u00fablica de Colombia. La delegaci\u00f3n danc\u00edstica poblana puso en alto el nombre de la entidad y del pa\u00eds, promoviendo el patrimonio inmaterial y la riqueza de las tradiciones mexicanas en escenarios sudamericanos.<\/p>\n\n\n\n<p class=\"wp-block-paragraph\">Durante su estancia en territorio colombiano, la agrupaci\u00f3n particip\u00f3 en diversos festivales y encuentros culturales de gran relevancia internacional. A trav\u00e9s de sus interpretaciones, el ballet present\u00f3 un repertorio lleno de color, m\u00fasica en vivo y coreograf\u00edas tradicionales que incluyeron bailes representativos del estado de Puebla y de distintas regiones folkl\u00f3ricas de M\u00e9xico, gan\u00e1ndose el aplauso y la admiraci\u00f3n del p\u00fablico asistente.<\/p>\n\n\n\n<p class=\"wp-block-paragraph\">Integrantes de la directiva del colectivo art\u00edstico expresaron su gratitud por las facilidades brindadas y el c\u00e1lido recibimiento por parte de las comunidades y organizadores en el pa\u00eds anfitri\u00f3n. Destacaron que este tipo de intercambios culturales no solo fortalecen el desarrollo t\u00e9cnico y art\u00edstico de los j\u00f3venes bailarines, sino que tambi\u00e9n consolidan puentes de amistad y cooperaci\u00f3n internacional entre ambas naciones.<\/p>\n\n\n\n<p class=\"wp-block-paragraph\">Las autoridades presentes durante la ceremonia de entrega de reconocimientos subrayaron el compromiso, la disciplina y la trayectoria del Ballet Fundadores de Puebla. Asimismo, refrendaron el respaldo institucional para continuar apoyando las iniciativas que impulsen el talento local e itinerante dentro y fuera del pa\u00eds, reconociendo a la danza como un pilar fundamental para la preservaci\u00f3n de la identidad.<\/p>\n\n\n\n<p class=\"wp-block-paragraph\">Tras el regreso a su sede en la capital poblana, el grupo art\u00edstico prepara ya sus pr\u00f3ximas presentaciones en foros locales y nacionales. La agrupaci\u00f3n reiter\u00f3 su compromiso de seguir formando nuevas generaciones de bailarines y continuar llevando el folklor y la cultura mexicana a nuevos horizontes internacionales.<\/p>\n","protected":false},"excerpt":{"rendered":"<p>El Ballet Folkl\u00f3rico Fundadores de Puebla recibi\u00f3 un merecido reconocimiento por parte de autoridades culturales locales tras concluir con \u00e9xito una destacada gira internacional por diversas ciudades de la Rep\u00fablica de Colombia. La delegaci\u00f3n danc\u00edstica poblana puso en alto el nombre de la entidad y del pa\u00eds, promoviendo el patrimonio inmaterial y la riqueza de [&hellip;]<\/p>\n","protected":false},"author":1,"featured_media":91759,"comment_status":"open","ping_status":"open","sticky":false,"template":"","format":"standard","meta":{"om_disable_all_campaigns":false,"_monsterinsights_skip_tracking":false,"_monsterinsights_sitenote_active":false,"_monsterinsights_sitenote_note":"","_monsterinsights_sitenote_category":0,"footnotes":""},"categories":[3],"tags":[],"class_list":["post-91758","post","type-post","status-publish","format-standard","has-post-thumbnail","hentry","category-entretenimiento"],"amp_enabled":true,"_links":{"self":[{"href":"https:\/\/lahora.mx\/index.php\/wp-json\/wp\/v2\/posts\/91758","targetHints":{"allow":["GET"]}}],"collection":[{"href":"https:\/\/lahora.mx\/index.php\/wp-json\/wp\/v2\/posts"}],"about":[{"href":"https:\/\/lahora.mx\/index.php\/wp-json\/wp\/v2\/types\/post"}],"author":[{"embeddable":true,"href":"https:\/\/lahora.mx\/index.php\/wp-json\/wp\/v2\/users\/1"}],"replies":[{"embeddable":true,"href":"https:\/\/lahora.mx\/index.php\/wp-json\/wp\/v2\/comments?post=91758"}],"version-history":[{"count":1,"href":"https:\/\/lahora.mx\/index.php\/wp-json\/wp\/v2\/posts\/91758\/revisions"}],"predecessor-version":[{"id":91760,"href":"https:\/\/lahora.mx\/index.php\/wp-json\/wp\/v2\/posts\/91758\/revisions\/91760"}],"wp:featuredmedia":[{"embeddable":true,"href":"https:\/\/lahora.mx\/index.php\/wp-json\/wp\/v2\/media\/91759"}],"wp:attachment":[{"href":"https:\/\/lahora.mx\/index.php\/wp-json\/wp\/v2\/media?parent=91758"}],"wp:term":[{"taxonomy":"category","embeddable":true,"href":"https:\/\/lahora.mx\/index.php\/wp-json\/wp\/v2\/categories?post=91758"},{"taxonomy":"post_tag","embeddable":true,"href":"https:\/\/lahora.mx\/index.php\/wp-json\/wp\/v2\/tags?post=91758"}],"curies":[{"name":"wp","href":"https:\/\/api.w.org\/{rel}","templated":true}]}}