{"id":91749,"date":"2026-08-31T01:01:43","date_gmt":"2026-08-31T01:01:43","guid":{"rendered":"https:\/\/lahora.mx\/?p=91749"},"modified":"2026-08-31T01:01:44","modified_gmt":"2026-08-31T01:01:44","slug":"gaby-la-bonita-sanchez-fortalece-cercania-con-el-pueblo-y-refrenda-avances-de-la-transformacion","status":"publish","type":"post","link":"https:\/\/lahora.mx\/index.php\/2026\/08\/31\/gaby-la-bonita-sanchez-fortalece-cercania-con-el-pueblo-y-refrenda-avances-de-la-transformacion\/","title":{"rendered":"Gaby \u00abLa Bonita\u00bb S\u00e1nchez Fortalece Cercan\u00eda con el Pueblo y Refrenda Avances de la Transformaci\u00f3n"},"content":{"rendered":"\n<p class=\"wp-block-paragraph\">La boxeadora profesional y funcionaria p\u00fablica Gabriela \u00abLa Bonita\u00bb S\u00e1nchez encabez\u00f3 un encuentro ciudadano donde reafirm\u00f3 su compromiso de trabajar de manera cercana a las comunidades y sectores m\u00e1s vulnerables. Durante su intervenci\u00f3n, la atleta y servidora p\u00fablica destac\u00f3 la importancia de utilizar el deporte y el servicio p\u00fablico como herramientas para transformar el entorno social y generar oportunidades de desarrollo para las nuevas generaciones.<\/p>\n\n\n\n<p class=\"wp-block-paragraph\">Frente a vecinos y simpatizantes reunidos en el evento, S\u00e1nchez comparti\u00f3 aspectos de su trayectoria profesional en el boxeo internacional y c\u00f3mo la disciplina del deporte de alto rendimiento la ha guiado para asumir tareas de gesti\u00f3n comunitaria. Enfatiz\u00f3 que el contacto directo, a ras de piso y sin intermediarios, es la v\u00eda fundamental para conocer y solucionar las problem\u00e1ticas reales que enfrentan las colonias y municipios.<\/p>\n\n\n\n<p class=\"wp-block-paragraph\">Asimismo, \u00abLa Bonita\u00bb S\u00e1nchez refrend\u00f3 su respaldo a los proyectos de infraestructura social y desarrollo integral impulsados por la administraci\u00f3n en turno, asegurando que la transformaci\u00f3n en la entidad avanza con resultados palpables en materia de inclusi\u00f3n y atenci\u00f3n a grupos prioritarios. Subray\u00f3 que el trabajo en equipo entre autoridades y ciudadan\u00eda es indispensable para dar continuidad a las pol\u00edticas p\u00fablicas orientadas al bienestar colectivo.<\/p>\n\n\n\n<p class=\"wp-block-paragraph\">Durante la jornada, los asistentes tuvieron la oportunidad de presentar solicitudes directas en materia de impulso al deporte, rehabilitaci\u00f3n de espacios p\u00fablicos y apoyo a la juventud. La deportista escuch\u00f3 las peticiones y se comprometi\u00f3 a gestionar canalizaciones efectivas ante las instancias correspondientes para dar respuesta puntual a las necesidades de la poblaci\u00f3n.<\/p>\n\n\n\n<p class=\"wp-block-paragraph\">Con este tipo de acciones, Gabriela S\u00e1nchez consolida su presencia y liderazgo social en el estado, promoviendo el deporte como un eje de prevenci\u00f3n del delito y cohesi\u00f3n comunitaria. La atleta reiter\u00f3 que mantendr\u00e1 una agenda itinerante en diversas demarcaciones para continuar fomentando h\u00e1bitos saludables y fortalecer el trabajo gubernamental cercano a la gente.<\/p>\n","protected":false},"excerpt":{"rendered":"<p>La boxeadora profesional y funcionaria p\u00fablica Gabriela \u00abLa Bonita\u00bb S\u00e1nchez encabez\u00f3 un encuentro ciudadano donde reafirm\u00f3 su compromiso de trabajar de manera cercana a las comunidades y sectores m\u00e1s vulnerables. Durante su intervenci\u00f3n, la atleta y servidora p\u00fablica destac\u00f3 la importancia de utilizar el deporte y el servicio p\u00fablico como herramientas para transformar el entorno [&hellip;]<\/p>\n","protected":false},"author":1,"featured_media":91750,"comment_status":"open","ping_status":"open","sticky":false,"template":"","format":"standard","meta":{"om_disable_all_campaigns":false,"_monsterinsights_skip_tracking":false,"_monsterinsights_sitenote_active":false,"_monsterinsights_sitenote_note":"","_monsterinsights_sitenote_category":0,"footnotes":""},"categories":[175],"tags":[195],"class_list":["post-91749","post","type-post","status-publish","format-standard","has-post-thumbnail","hentry","category-local","tag-principal"],"amp_enabled":true,"_links":{"self":[{"href":"https:\/\/lahora.mx\/index.php\/wp-json\/wp\/v2\/posts\/91749","targetHints":{"allow":["GET"]}}],"collection":[{"href":"https:\/\/lahora.mx\/index.php\/wp-json\/wp\/v2\/posts"}],"about":[{"href":"https:\/\/lahora.mx\/index.php\/wp-json\/wp\/v2\/types\/post"}],"author":[{"embeddable":true,"href":"https:\/\/lahora.mx\/index.php\/wp-json\/wp\/v2\/users\/1"}],"replies":[{"embeddable":true,"href":"https:\/\/lahora.mx\/index.php\/wp-json\/wp\/v2\/comments?post=91749"}],"version-history":[{"count":1,"href":"https:\/\/lahora.mx\/index.php\/wp-json\/wp\/v2\/posts\/91749\/revisions"}],"predecessor-version":[{"id":91751,"href":"https:\/\/lahora.mx\/index.php\/wp-json\/wp\/v2\/posts\/91749\/revisions\/91751"}],"wp:featuredmedia":[{"embeddable":true,"href":"https:\/\/lahora.mx\/index.php\/wp-json\/wp\/v2\/media\/91750"}],"wp:attachment":[{"href":"https:\/\/lahora.mx\/index.php\/wp-json\/wp\/v2\/media?parent=91749"}],"wp:term":[{"taxonomy":"category","embeddable":true,"href":"https:\/\/lahora.mx\/index.php\/wp-json\/wp\/v2\/categories?post=91749"},{"taxonomy":"post_tag","embeddable":true,"href":"https:\/\/lahora.mx\/index.php\/wp-json\/wp\/v2\/tags?post=91749"}],"curies":[{"name":"wp","href":"https:\/\/api.w.org\/{rel}","templated":true}]}}