{"id":91743,"date":"2026-08-31T01:00:31","date_gmt":"2026-08-31T01:00:31","guid":{"rendered":"https:\/\/lahora.mx\/?p=91743"},"modified":"2026-08-31T01:00:32","modified_gmt":"2026-08-31T01:00:32","slug":"reconocen-la-labor-de-la-secretaria-de-la-defensa-nacional-durante-el-mundial-2026","status":"publish","type":"post","link":"https:\/\/lahora.mx\/index.php\/2026\/08\/31\/reconocen-la-labor-de-la-secretaria-de-la-defensa-nacional-durante-el-mundial-2026\/","title":{"rendered":"Reconocen la Labor de la Secretar\u00eda de la Defensa Nacional Durante el Mundial 2026"},"content":{"rendered":"\n<p class=\"wp-block-paragraph\">La Secretar\u00eda de la Defensa Nacional (SEDENA) recibi\u00f3 un reconocimiento p\u00fablico por su destacada participaci\u00f3n y despliegue operativo en las labores de log\u00edstica, resguardo e infraestructura desempe\u00f1adas durante la celebraci\u00f3n de la Copa Mundial de F\u00fatbol 2026 en territorio mexicano. La labor de las fuerzas armadas result\u00f3 fundamental para garantizar la seguridad de contingentes internacionales y aficionados durante el desarrollo del torneo orbital.<\/p>\n\n\n\n<p class=\"wp-block-paragraph\">El operativo implementado por las autoridades militares abarc\u00f3 tareas de vigilancia cibern\u00e9tica, resguardo de per\u00edmetros de seguridad en los estadios sede, protecci\u00f3n en rutas de traslado de delegaciones deportivas y apoyo constante en los puntos de internaci\u00f3n del pa\u00eds. La coordinaci\u00f3n interinstitucional desplegada por el personal del Ej\u00e9rcito y la Guardia Nacional permiti\u00f3 mantener el orden y la tranquilidad en las distintas ciudades anfitrionas.<\/p>\n\n\n\n<p class=\"wp-block-paragraph\">Autoridades federales y representantes de los comit\u00e9s organizadores resaltaron la disciplina, profesionalismo e idoneidad t\u00e9cnica mostrada por los elementos militares a lo largo de las distintas fases de la competencia internacional. Se enfatiz\u00f3 que el trabajo preventivo desarrollado por la SEDENA contribuy\u00f3 decisivamente a proyectar una imagen de certeza, gobernabilidad y capacidad de respuesta ante eventos de gran escala global.<\/p>\n\n\n\n<p class=\"wp-block-paragraph\">Asimismo, se hizo menci\u00f3n especial de las aportaciones en materia de infraestructura y conectividad realizadas por los ingenieros militares en la preparaci\u00f3n previa a la justa deportiva. Dichas obras facilitaron la movilidad de los miles de visitantes nacionales y extranjeros que se movilizaron por las distintas zonas metropolitanas habilitadas para la realizaci\u00f3n de los partidos.<\/p>\n\n\n\n<p class=\"wp-block-paragraph\">Con este reconocimiento, el Gobierno de la Rep\u00fablica y la sociedad civil ratificaron la confianza depositada en las Fuerzas Armadas para atender compromisos estrat\u00e9gicos de nivel internacional. Las dependencias involucradas concluyeron formalmente las tareas especiales asignadas para el torneo, retomando sus labores habituales de seguridad e integraci\u00f3n social en todo el pa\u00eds.<\/p>\n","protected":false},"excerpt":{"rendered":"<p>La Secretar\u00eda de la Defensa Nacional (SEDENA) recibi\u00f3 un reconocimiento p\u00fablico por su destacada participaci\u00f3n y despliegue operativo en las labores de log\u00edstica, resguardo e infraestructura desempe\u00f1adas durante la celebraci\u00f3n de la Copa Mundial de F\u00fatbol 2026 en territorio mexicano. La labor de las fuerzas armadas result\u00f3 fundamental para garantizar la seguridad de contingentes internacionales [&hellip;]<\/p>\n","protected":false},"author":1,"featured_media":91744,"comment_status":"open","ping_status":"open","sticky":false,"template":"","format":"standard","meta":{"om_disable_all_campaigns":false,"_monsterinsights_skip_tracking":false,"_monsterinsights_sitenote_active":false,"_monsterinsights_sitenote_note":"","_monsterinsights_sitenote_category":0,"footnotes":""},"categories":[176],"tags":[],"class_list":["post-91743","post","type-post","status-publish","format-standard","has-post-thumbnail","hentry","category-nacional"],"amp_enabled":true,"_links":{"self":[{"href":"https:\/\/lahora.mx\/index.php\/wp-json\/wp\/v2\/posts\/91743","targetHints":{"allow":["GET"]}}],"collection":[{"href":"https:\/\/lahora.mx\/index.php\/wp-json\/wp\/v2\/posts"}],"about":[{"href":"https:\/\/lahora.mx\/index.php\/wp-json\/wp\/v2\/types\/post"}],"author":[{"embeddable":true,"href":"https:\/\/lahora.mx\/index.php\/wp-json\/wp\/v2\/users\/1"}],"replies":[{"embeddable":true,"href":"https:\/\/lahora.mx\/index.php\/wp-json\/wp\/v2\/comments?post=91743"}],"version-history":[{"count":1,"href":"https:\/\/lahora.mx\/index.php\/wp-json\/wp\/v2\/posts\/91743\/revisions"}],"predecessor-version":[{"id":91745,"href":"https:\/\/lahora.mx\/index.php\/wp-json\/wp\/v2\/posts\/91743\/revisions\/91745"}],"wp:featuredmedia":[{"embeddable":true,"href":"https:\/\/lahora.mx\/index.php\/wp-json\/wp\/v2\/media\/91744"}],"wp:attachment":[{"href":"https:\/\/lahora.mx\/index.php\/wp-json\/wp\/v2\/media?parent=91743"}],"wp:term":[{"taxonomy":"category","embeddable":true,"href":"https:\/\/lahora.mx\/index.php\/wp-json\/wp\/v2\/categories?post=91743"},{"taxonomy":"post_tag","embeddable":true,"href":"https:\/\/lahora.mx\/index.php\/wp-json\/wp\/v2\/tags?post=91743"}],"curies":[{"name":"wp","href":"https:\/\/api.w.org\/{rel}","templated":true}]}}