{"id":91728,"date":"2026-08-30T23:37:11","date_gmt":"2026-08-30T23:37:11","guid":{"rendered":"https:\/\/lahora.mx\/?p=91728"},"modified":"2026-08-30T23:37:12","modified_gmt":"2026-08-30T23:37:12","slug":"fallece-el-consul-de-alemania-en-costa-rica-tras-sufrir-un-accidente-maritimo","status":"publish","type":"post","link":"https:\/\/lahora.mx\/index.php\/2026\/08\/30\/fallece-el-consul-de-alemania-en-costa-rica-tras-sufrir-un-accidente-maritimo\/","title":{"rendered":"Fallece el C\u00f3nsul de Alemania en Costa Rica Tras Sufrir un Accidente Mar\u00edtimo"},"content":{"rendered":"\n<p class=\"wp-block-paragraph\">El c\u00f3nsul de la Rep\u00fablica Federal de Alemania acreditado en Costa Rica, Mario Genz, de 53 a\u00f1os de edad, perdi\u00f3 la vida a causa de un ahogamiento tras sufrir un accidente acu\u00e1tico en la laguna de R\u00edo Cuarto, ubicada en la provincia de Alajuela. El tr\u00e1gico suceso moviliz\u00f3 a los cuerpos de rescate locales y gener\u00f3 una profunda consternaci\u00f3n en el cuerpo diplom\u00e1tico internacional y las autoridades costarricenses.<\/p>\n\n\n\n<p class=\"wp-block-paragraph\">De acuerdo con los reportes oficiales emitidos por el Cuerpo de Bomberos y la Cruz Roja Costarricense, el diplom\u00e1tico se encontraba realizando actividades de navegaci\u00f3n recreativa cuando el kayak que pilotaba volc\u00f3 de manera imprevista. Tras el accidente, Genz permaneci\u00f3 sumergido por un periodo prolongado de tiempo antes de que los equipos de rescate pudieran ubicarlo y extraerlo de las profundidades del cuerpo de agua hacia la zona del embarcadero.<\/p>\n\n\n\n<p class=\"wp-block-paragraph\">Una vez llevado a la orilla, el personal de atenci\u00f3n prehospitalaria aplic\u00f3 maniobras avanzadas de reanimaci\u00f3n cardiopulmonar durante un lapso aproximado de 30 minutos. A pesar de los intensos esfuerzos m\u00e9dicos por restablecer sus signos vitales, los param\u00e9dicos confirmaron el fallecimiento del funcionario en el sitio debido a un paro cardiorrespiratorio secundario por asfixia por sumersi\u00f3n.<\/p>\n\n\n\n<p class=\"wp-block-paragraph\">Mario Genz contaba con una s\u00f3lida y respetada trayectoria en el servicio exterior alem\u00e1n, habiendo desempe\u00f1ado diversas funciones operativas y diplom\u00e1ticas en distintas delegaciones de Europa y Am\u00e9rica Latina antes de asumir sus responsabilidades consulares en la capital costarricense. Su labor en la regi\u00f3n caribe\u00f1a y centroamericana se distingui\u00f3 por el fortalecimiento de los v\u00ednculos bilaterales y la asistencia t\u00e9cnica interinstitucional.<\/p>\n\n\n\n<p class=\"wp-block-paragraph\">El Organismo de Investigaci\u00f3n Judicial (OIJ) de Costa Rica inici\u00f3 las diligencias correspondientes para el levantamiento del cuerpo e investigaci\u00f3n formal con el objetivo de determinar las causas t\u00e9cnicas o ambientales que originaron el vuelco de la embarcaci\u00f3n. Por su parte, la embajada alemana y la canciller\u00eda local expresaron sus condolencias a la familia del diplom\u00e1tico.<\/p>\n","protected":false},"excerpt":{"rendered":"<p>El c\u00f3nsul de la Rep\u00fablica Federal de Alemania acreditado en Costa Rica, Mario Genz, de 53 a\u00f1os de edad, perdi\u00f3 la vida a causa de un ahogamiento tras sufrir un accidente acu\u00e1tico en la laguna de R\u00edo Cuarto, ubicada en la provincia de Alajuela. El tr\u00e1gico suceso moviliz\u00f3 a los cuerpos de rescate locales y [&hellip;]<\/p>\n","protected":false},"author":1,"featured_media":91729,"comment_status":"open","ping_status":"open","sticky":false,"template":"","format":"standard","meta":{"om_disable_all_campaigns":false,"_monsterinsights_skip_tracking":false,"_monsterinsights_sitenote_active":false,"_monsterinsights_sitenote_note":"","_monsterinsights_sitenote_category":0,"footnotes":""},"categories":[183],"tags":[],"class_list":["post-91728","post","type-post","status-publish","format-standard","has-post-thumbnail","hentry","category-internacional"],"amp_enabled":true,"_links":{"self":[{"href":"https:\/\/lahora.mx\/index.php\/wp-json\/wp\/v2\/posts\/91728","targetHints":{"allow":["GET"]}}],"collection":[{"href":"https:\/\/lahora.mx\/index.php\/wp-json\/wp\/v2\/posts"}],"about":[{"href":"https:\/\/lahora.mx\/index.php\/wp-json\/wp\/v2\/types\/post"}],"author":[{"embeddable":true,"href":"https:\/\/lahora.mx\/index.php\/wp-json\/wp\/v2\/users\/1"}],"replies":[{"embeddable":true,"href":"https:\/\/lahora.mx\/index.php\/wp-json\/wp\/v2\/comments?post=91728"}],"version-history":[{"count":1,"href":"https:\/\/lahora.mx\/index.php\/wp-json\/wp\/v2\/posts\/91728\/revisions"}],"predecessor-version":[{"id":91730,"href":"https:\/\/lahora.mx\/index.php\/wp-json\/wp\/v2\/posts\/91728\/revisions\/91730"}],"wp:featuredmedia":[{"embeddable":true,"href":"https:\/\/lahora.mx\/index.php\/wp-json\/wp\/v2\/media\/91729"}],"wp:attachment":[{"href":"https:\/\/lahora.mx\/index.php\/wp-json\/wp\/v2\/media?parent=91728"}],"wp:term":[{"taxonomy":"category","embeddable":true,"href":"https:\/\/lahora.mx\/index.php\/wp-json\/wp\/v2\/categories?post=91728"},{"taxonomy":"post_tag","embeddable":true,"href":"https:\/\/lahora.mx\/index.php\/wp-json\/wp\/v2\/tags?post=91728"}],"curies":[{"name":"wp","href":"https:\/\/api.w.org\/{rel}","templated":true}]}}