{"id":91725,"date":"2026-08-30T23:36:31","date_gmt":"2026-08-30T23:36:31","guid":{"rendered":"https:\/\/lahora.mx\/?p=91725"},"modified":"2026-08-30T23:36:32","modified_gmt":"2026-08-30T23:36:32","slug":"ecuador-declara-alerta-roja-nacional-por-la-intensificacion-del-fenomeno-de-el-nino","status":"publish","type":"post","link":"https:\/\/lahora.mx\/index.php\/2026\/08\/30\/ecuador-declara-alerta-roja-nacional-por-la-intensificacion-del-fenomeno-de-el-nino\/","title":{"rendered":"Ecuador Declara Alerta Roja Nacional por la Intensificaci\u00f3n del Fen\u00f3meno de El Ni\u00f1o"},"content":{"rendered":"\n<p class=\"wp-block-paragraph\">El Gobierno de Ecuador formaliz\u00f3 la declaratoria de Alerta Roja en todo el territorio nacional como una medida preventiva extrema frente a la inminente intensificaci\u00f3n de los efectos derivados del fen\u00f3meno clim\u00e1tico de El Ni\u00f1o. La resoluci\u00f3n, articulada por medio de la Secretar\u00eda Nacional de Gesti\u00f3n de Riesgos (SNGR), busca acelerar la disposici\u00f3n de recursos econ\u00f3micos, log\u00edsticos e institucionales para mitigar el impacto ambiental, social y de infraestructura que se prev\u00e9 para el pr\u00f3ximo periodo.<\/p>\n\n\n\n<p class=\"wp-block-paragraph\">Las proyecciones elaboradas por los organismos de monitoreo clim\u00e1tico indican que al menos 1.3 millones de personas se encuentran en una situaci\u00f3n de alta vulnerabilidad o exposici\u00f3n directa a las perturbaciones meteorol\u00f3gicas. Para responder de manera integral ante esta contingencia, el Ejecutivo central ha presupuestado una partida extraordinaria de 650 millones de d\u00f3lares, los cuales ser\u00e1n ejecutados en un 70 % para tareas preventivas e infraestructura de contenci\u00f3n, mientras que el 30 % restante se reservar\u00e1 para la atenci\u00f3n inmediata de emergencias y respuesta humanitaria.<\/p>\n\n\n\n<p class=\"wp-block-paragraph\">La medida gubernamental habilita la activaci\u00f3n en sesi\u00f3n permanente de todos los Comit\u00e9s de Operaciones de Emergencia (COE) a nivel provincial y cantonal. Dicha estructura operativa garantiza una coordinaci\u00f3n directa con las Fuerzas Armadas, cuerpos de bomberos y dependencias de salud para la ejecuci\u00f3n de evacuaciones preventivas, el establecimiento de albergues temporales y la protecci\u00f3n de las zonas urbanas y rurales con mayor riesgo de deslaves e inundaciones.<\/p>\n\n\n\n<p class=\"wp-block-paragraph\">Los primeros efectos del fen\u00f3meno meteorol\u00f3gico ya han comenzado a reportarse en la franja costera ecuatoriana, afectando de manera directa a las comunidades dependientes de la pesca artesanal y la agricultura de peque\u00f1a escala. La alteraci\u00f3n en las temperaturas del oc\u00e9ano ha modificado los patrones biogeogr\u00e1ficos marinos, lo que ha derivado en una disminuci\u00f3n sustancial de la captura de especies comerciales y ha puesto en alerta a los gremios productivos de la regi\u00f3n litoral.<\/p>\n\n\n\n<p class=\"wp-block-paragraph\">Las autoridades nacionales instaron a la ciudadan\u00eda a mantenerse informada mediante los canales oficiales y a dar estricto cumplimiento a los planes comunitarios de gesti\u00f3n de riesgos. Con la elevaci\u00f3n a Alerta Roja, el Estado ecuatoriano asume el control estrat\u00e9gico de los recursos de emergencia para salvaguardar la vida de la poblaci\u00f3n y minimizar los da\u00f1os materiales en los sectores econ\u00f3micos clave del pa\u00eds.<\/p>\n\n\n\n<h1 class=\"wp-block-heading\"><\/h1>\n","protected":false},"excerpt":{"rendered":"<p>El Gobierno de Ecuador formaliz\u00f3 la declaratoria de Alerta Roja en todo el territorio nacional como una medida preventiva extrema frente a la inminente intensificaci\u00f3n de los efectos derivados del fen\u00f3meno clim\u00e1tico de El Ni\u00f1o. La resoluci\u00f3n, articulada por medio de la Secretar\u00eda Nacional de Gesti\u00f3n de Riesgos (SNGR), busca acelerar la disposici\u00f3n de recursos [&hellip;]<\/p>\n","protected":false},"author":1,"featured_media":91726,"comment_status":"open","ping_status":"open","sticky":false,"template":"","format":"standard","meta":{"om_disable_all_campaigns":false,"_monsterinsights_skip_tracking":false,"_monsterinsights_sitenote_active":false,"_monsterinsights_sitenote_note":"","_monsterinsights_sitenote_category":0,"footnotes":""},"categories":[183],"tags":[],"class_list":["post-91725","post","type-post","status-publish","format-standard","has-post-thumbnail","hentry","category-internacional"],"amp_enabled":true,"_links":{"self":[{"href":"https:\/\/lahora.mx\/index.php\/wp-json\/wp\/v2\/posts\/91725","targetHints":{"allow":["GET"]}}],"collection":[{"href":"https:\/\/lahora.mx\/index.php\/wp-json\/wp\/v2\/posts"}],"about":[{"href":"https:\/\/lahora.mx\/index.php\/wp-json\/wp\/v2\/types\/post"}],"author":[{"embeddable":true,"href":"https:\/\/lahora.mx\/index.php\/wp-json\/wp\/v2\/users\/1"}],"replies":[{"embeddable":true,"href":"https:\/\/lahora.mx\/index.php\/wp-json\/wp\/v2\/comments?post=91725"}],"version-history":[{"count":1,"href":"https:\/\/lahora.mx\/index.php\/wp-json\/wp\/v2\/posts\/91725\/revisions"}],"predecessor-version":[{"id":91727,"href":"https:\/\/lahora.mx\/index.php\/wp-json\/wp\/v2\/posts\/91725\/revisions\/91727"}],"wp:featuredmedia":[{"embeddable":true,"href":"https:\/\/lahora.mx\/index.php\/wp-json\/wp\/v2\/media\/91726"}],"wp:attachment":[{"href":"https:\/\/lahora.mx\/index.php\/wp-json\/wp\/v2\/media?parent=91725"}],"wp:term":[{"taxonomy":"category","embeddable":true,"href":"https:\/\/lahora.mx\/index.php\/wp-json\/wp\/v2\/categories?post=91725"},{"taxonomy":"post_tag","embeddable":true,"href":"https:\/\/lahora.mx\/index.php\/wp-json\/wp\/v2\/tags?post=91725"}],"curies":[{"name":"wp","href":"https:\/\/api.w.org\/{rel}","templated":true}]}}