{"id":91722,"date":"2026-08-30T23:34:50","date_gmt":"2026-08-30T23:34:50","guid":{"rendered":"https:\/\/lahora.mx\/?p=91722"},"modified":"2026-08-30T23:34:51","modified_gmt":"2026-08-30T23:34:51","slug":"congreso-de-puebla-y-canacine-conmemoran-los-130-anos-del-cine-mexicano","status":"publish","type":"post","link":"https:\/\/lahora.mx\/index.php\/2026\/08\/30\/congreso-de-puebla-y-canacine-conmemoran-los-130-anos-del-cine-mexicano\/","title":{"rendered":"Congreso de Puebla y CANACINE Conmemoran los 130 A\u00f1os del Cine Mexicano"},"content":{"rendered":"\n<p class=\"wp-block-paragraph\">El Congreso del Estado de Puebla, en articulaci\u00f3n estrat\u00e9gica con la C\u00e1mara Nacional de la Industria Cinematogr\u00e1fica (CANACINE) delegaci\u00f3n Puebla, llev\u00f3 a cabo la realizaci\u00f3n del foro conmemorativo titulado \u00ab130 A\u00f1os del Cine Mexicano\u00bb. Este encuentro institucional tuvo como eje central el an\u00e1lisis profundo de la trayectoria hist\u00f3rica de la cinematograf\u00eda nacional, as\u00ed como la construcci\u00f3n de agendas p\u00fablicas enfocadas en consolidar a la entidad como un centro estrat\u00e9gico para las producciones audiovisuales contempor\u00e1neas.<\/p>\n\n\n\n<p class=\"wp-block-paragraph\">Durante el desarrollo de las jornadas de trabajo, legisladores e integrantes de la industria audiovisual abordaron diversos desaf\u00edos legislativos, t\u00e9cnicos y financieros que enfrentan los realizadores locales. Entre los temas de mayor relevancia destacados durante las mesas de discusi\u00f3n se incluyeron la integraci\u00f3n del uso \u00e9tico de la inteligencia artificial en los procesos creativos y de producci\u00f3n, las v\u00edas legales para el fomento a la distribuci\u00f3n, y la necesidad de establecer esquemas de incentivos econ\u00f3micos que atraigan capitales nacionales e internacionales al territorio poblano.<\/p>\n\n\n\n<p class=\"wp-block-paragraph\">El foro cont\u00f3 con la participaci\u00f3n de representaciones clave del sector cinematogr\u00e1fico, destacando la presencia de especialistas del Instituto Mexicano de Cinematograf\u00eda (IMCINE), la entidad EGEDA M\u00e9xico y el Sindicato de Trabajadores T\u00e9cnicos y Manuales. Los ponentes coincidieron en que el establecimiento de un marco legal \u00e1gil y competitivo permitir\u00e1 descentralizar la producci\u00f3n art\u00edstica de la capital del pa\u00eds, abriendo oportunidades t\u00e9cnicas y laborales para el talento emergente de la regi\u00f3n central de M\u00e9xico.<\/p>\n\n\n\n<p class=\"wp-block-paragraph\">Uno de los acuerdos m\u00e1s relevantes derivados de este encuentro fue la propuesta formal para impulsar la creaci\u00f3n de una Comisi\u00f3n Estatal de Filmaciones en Puebla. Dicho organismo descentralizado funcionar\u00e1 como un facilitador gubernamental de tr\u00e1mites, localizaci\u00f3n de locaciones y vinculaci\u00f3n log\u00edstica, con el firme objetivo de simplificar los esquemas operativos de las casas productoras y garantizar un marco de certidumbre jur\u00eddica.<\/p>\n\n\n\n<p class=\"wp-block-paragraph\">Con esta conmemoraci\u00f3n institucional, la LXII Legislatura del Congreso local y CANACINE ratificaron su compromiso de colaborar de manera permanente para traducir las demandas del sector cinematogr\u00e1fico en iniciativas de ley concretas. A 130 a\u00f1os de las primeras exhibiciones del cinemat\u00f3grafo en el pa\u00eds, la entidad busca situarse a la vanguardia de la pol\u00edtica p\u00fablica cultural y econ\u00f3mica en el panorama nacional.<\/p>\n","protected":false},"excerpt":{"rendered":"<p>El Congreso del Estado de Puebla, en articulaci\u00f3n estrat\u00e9gica con la C\u00e1mara Nacional de la Industria Cinematogr\u00e1fica (CANACINE) delegaci\u00f3n Puebla, llev\u00f3 a cabo la realizaci\u00f3n del foro conmemorativo titulado \u00ab130 A\u00f1os del Cine Mexicano\u00bb. Este encuentro institucional tuvo como eje central el an\u00e1lisis profundo de la trayectoria hist\u00f3rica de la cinematograf\u00eda nacional, as\u00ed como la [&hellip;]<\/p>\n","protected":false},"author":1,"featured_media":91723,"comment_status":"open","ping_status":"open","sticky":false,"template":"","format":"standard","meta":{"om_disable_all_campaigns":false,"_monsterinsights_skip_tracking":false,"footnotes":""},"categories":[175],"tags":[227,223],"class_list":["post-91722","post","type-post","status-publish","format-standard","has-post-thumbnail","hentry","category-local","tag-congreso","tag-puebla"],"amp_enabled":true,"_links":{"self":[{"href":"https:\/\/lahora.mx\/index.php\/wp-json\/wp\/v2\/posts\/91722","targetHints":{"allow":["GET"]}}],"collection":[{"href":"https:\/\/lahora.mx\/index.php\/wp-json\/wp\/v2\/posts"}],"about":[{"href":"https:\/\/lahora.mx\/index.php\/wp-json\/wp\/v2\/types\/post"}],"author":[{"embeddable":true,"href":"https:\/\/lahora.mx\/index.php\/wp-json\/wp\/v2\/users\/1"}],"replies":[{"embeddable":true,"href":"https:\/\/lahora.mx\/index.php\/wp-json\/wp\/v2\/comments?post=91722"}],"version-history":[{"count":1,"href":"https:\/\/lahora.mx\/index.php\/wp-json\/wp\/v2\/posts\/91722\/revisions"}],"predecessor-version":[{"id":91724,"href":"https:\/\/lahora.mx\/index.php\/wp-json\/wp\/v2\/posts\/91722\/revisions\/91724"}],"wp:featuredmedia":[{"embeddable":true,"href":"https:\/\/lahora.mx\/index.php\/wp-json\/wp\/v2\/media\/91723"}],"wp:attachment":[{"href":"https:\/\/lahora.mx\/index.php\/wp-json\/wp\/v2\/media?parent=91722"}],"wp:term":[{"taxonomy":"category","embeddable":true,"href":"https:\/\/lahora.mx\/index.php\/wp-json\/wp\/v2\/categories?post=91722"},{"taxonomy":"post_tag","embeddable":true,"href":"https:\/\/lahora.mx\/index.php\/wp-json\/wp\/v2\/tags?post=91722"}],"curies":[{"name":"wp","href":"https:\/\/api.w.org\/{rel}","templated":true}]}}