{"id":91719,"date":"2026-08-30T23:15:49","date_gmt":"2026-08-30T23:15:49","guid":{"rendered":"https:\/\/lahora.mx\/?p=91719"},"modified":"2026-08-30T23:15:50","modified_gmt":"2026-08-30T23:15:50","slug":"miles-de-tlaxcaltecas-acompanan-a-alfonso-sanchez-en-asamblea-de-morena-en-defensa-de-la-soberania","status":"publish","type":"post","link":"https:\/\/lahora.mx\/index.php\/2026\/08\/30\/miles-de-tlaxcaltecas-acompanan-a-alfonso-sanchez-en-asamblea-de-morena-en-defensa-de-la-soberania\/","title":{"rendered":"Miles de Tlaxcaltecas Acompa\u00f1an a Alfonso S\u00e1nchez en Asamblea de Morena en Defensa de la Soberan\u00eda"},"content":{"rendered":"\n<p class=\"wp-block-paragraph\">Este domingo, miles de ciudadanos provenientes de los 60 municipios del estado se sumaron a la movilizaci\u00f3n encabezada por Alfonso S\u00e1nchez Garc\u00eda en la capital tlaxcalteca, iniciando con una caminata desde las Escalinatas de los H\u00e9roes hasta concluir en la Plaza Ju\u00e1rez, en una demostraci\u00f3n de convocatoria e integraci\u00f3n ciudadana.<\/p>\n\n\n\n<p class=\"wp-block-paragraph\">El contingente acompa\u00f1\u00f3 al aspirante a la Asamblea en Defensa de la Soberan\u00eda Nacional y la Transformaci\u00f3n, evento convocado por la dirigencia del partido Morena. Durante el acto, los asistentes refrendaron su respaldo a las pol\u00edticas de la presidenta de M\u00e9xico, Claudia Sheinbaum Pardo, subrayando la importancia de la estabilidad y la unidad en el movimiento.<\/p>\n\n\n\n<p class=\"wp-block-paragraph\">Antes de comenzar el recorrido hacia la plaza principal, S\u00e1nchez Garc\u00eda expres\u00f3 su agradecimiento a la militancia y a los simpatizantes que le han abierto las puertas de sus hogares en las \u00faltimas semanas. Destac\u00f3 que el di\u00e1logo directo con las comunidades ha sido clave para escuchar las necesidades prioritarias del territorio estatal.<\/p>\n\n\n\n<p class=\"wp-block-paragraph\">En su discurso frente a los manifestantes, el aspirante se\u00f1al\u00f3 que la estructura de la transformaci\u00f3n se ha construido hist\u00f3ricamente caminando y cercana al pueblo. Asimismo, hizo un llamado enf\u00e1tico a mantener la cohesi\u00f3n interna para seguir impulsando el desarrollo social en Tlaxcala sin perder de vista los principios del proyecto nacional.<\/p>\n\n\n\n<p class=\"wp-block-paragraph\">Con este despliegue, el movimiento fortaleci\u00f3 su posicionamiento rumbo a la definici\u00f3n de la Coordinaci\u00f3n en Defensa de la Soberan\u00eda Nacional y la Transformaci\u00f3n en la entidad, remarcando la relevancia de mantener la presencia en territorio y el trabajo coordinado con la base social.<\/p>\n","protected":false},"excerpt":{"rendered":"<p>Este domingo, miles de ciudadanos provenientes de los 60 municipios del estado se sumaron a la movilizaci\u00f3n encabezada por Alfonso S\u00e1nchez Garc\u00eda en la capital tlaxcalteca, iniciando con una caminata desde las Escalinatas de los H\u00e9roes hasta concluir en la Plaza Ju\u00e1rez, en una demostraci\u00f3n de convocatoria e integraci\u00f3n ciudadana. El contingente acompa\u00f1\u00f3 al aspirante [&hellip;]<\/p>\n","protected":false},"author":1,"featured_media":91720,"comment_status":"open","ping_status":"open","sticky":false,"template":"","format":"standard","meta":{"om_disable_all_campaigns":false,"_monsterinsights_skip_tracking":false,"_monsterinsights_sitenote_active":false,"_monsterinsights_sitenote_note":"","_monsterinsights_sitenote_category":0,"footnotes":""},"categories":[5],"tags":[210],"class_list":["post-91719","post","type-post","status-publish","format-standard","has-post-thumbnail","hentry","category-politica","tag-tlaxcala"],"amp_enabled":true,"_links":{"self":[{"href":"https:\/\/lahora.mx\/index.php\/wp-json\/wp\/v2\/posts\/91719","targetHints":{"allow":["GET"]}}],"collection":[{"href":"https:\/\/lahora.mx\/index.php\/wp-json\/wp\/v2\/posts"}],"about":[{"href":"https:\/\/lahora.mx\/index.php\/wp-json\/wp\/v2\/types\/post"}],"author":[{"embeddable":true,"href":"https:\/\/lahora.mx\/index.php\/wp-json\/wp\/v2\/users\/1"}],"replies":[{"embeddable":true,"href":"https:\/\/lahora.mx\/index.php\/wp-json\/wp\/v2\/comments?post=91719"}],"version-history":[{"count":1,"href":"https:\/\/lahora.mx\/index.php\/wp-json\/wp\/v2\/posts\/91719\/revisions"}],"predecessor-version":[{"id":91721,"href":"https:\/\/lahora.mx\/index.php\/wp-json\/wp\/v2\/posts\/91719\/revisions\/91721"}],"wp:featuredmedia":[{"embeddable":true,"href":"https:\/\/lahora.mx\/index.php\/wp-json\/wp\/v2\/media\/91720"}],"wp:attachment":[{"href":"https:\/\/lahora.mx\/index.php\/wp-json\/wp\/v2\/media?parent=91719"}],"wp:term":[{"taxonomy":"category","embeddable":true,"href":"https:\/\/lahora.mx\/index.php\/wp-json\/wp\/v2\/categories?post=91719"},{"taxonomy":"post_tag","embeddable":true,"href":"https:\/\/lahora.mx\/index.php\/wp-json\/wp\/v2\/tags?post=91719"}],"curies":[{"name":"wp","href":"https:\/\/api.w.org\/{rel}","templated":true}]}}