{"id":9077,"date":"2022-06-30T15:42:57","date_gmt":"2022-06-30T15:42:57","guid":{"rendered":"http:\/\/lahora.mx\/?p=9077"},"modified":"2022-06-30T15:42:58","modified_gmt":"2022-06-30T15:42:58","slug":"amlo-se-compromete-a-revisar-prohibicion-de-uber-y-didi-en-aicm","status":"publish","type":"post","link":"https:\/\/lahora.mx\/index.php\/2022\/06\/30\/amlo-se-compromete-a-revisar-prohibicion-de-uber-y-didi-en-aicm\/","title":{"rendered":"AMLO  se compromete a revisar prohibici\u00f3n de Uber y Didi en AICM"},"content":{"rendered":"\n<p>El presidente Andr\u00e9s Manuel L\u00f3pez Obrador se comprometi\u00f3 este jueves a revisar el tema de la prohibici\u00f3n de taxis por aplicaci\u00f3n como Uber, Didi, Cabify o Beat en el Aeropuerto Internacional de la Ciudad de M\u00e9xico.<\/p>\n\n\n\n<p>Cuestionado sobre este tema en la conferencia de prensa matutina, el mandatario mexicano asegur\u00f3 que no sabe por qu\u00e9 las autoridades del AICM tomaron esa decisi\u00f3n y que su gobierno lo que busca es ayudar a la ciudadan\u00eda.<br><\/p>\n\n\n\n<p>\u201cNosotros buscamos resolver problemas y ayudar a la gente, a todos los ciudadanos; sin embargo tenernos que estar enfrentado a grupos intereses creados, mafias grandes y peque\u00f1as, corrupci\u00f3n, contrabando, muchas vicios\u201d, dijo AMLO desde Palacio Nacional.<\/p>\n\n\n\n<p>Esta semana, la \u2018guerra\u2019 contra las aplicaciones de transporte privado en el Aeropuerto \u2018Benito Ju\u00e1rez\u2019 lleg\u00f3 a un nuevo nivel con amenazas de multas de hasta 43 mil pesos a quien ofrezca estos servicios dentro de las instalaciones del aer\u00f3dromo capitalino.<br>Dentro del AICM se colocaron carteles en lo que se se\u00f1ala que est\u00e1 prohibido prestar el servicio o abordaje de pasajeros en taxis de plataforma digital.<br><\/p>\n\n\n\n<h2 class=\"wp-block-heading\"><strong>\u00bfQu\u00e9 dice la ley?<\/strong><\/h2>\n\n\n\n<p>La Comisi\u00f3n Federal de Competencia (<strong>Cofece<\/strong>) explica que en los aeropuertos en M\u00e9xico opera<strong>&nbsp;un modelo de acceso restringido<\/strong>&nbsp;para el transporte de pasajeros.<\/p>\n\n\n\n<p>El&nbsp;<strong>permiso&nbsp;<\/strong>para prestar ese servicio tienen que ser expedido por la ahora Secretar\u00eda de Infraestructura, Comunicaciones y Transportes (<strong>SICT<\/strong>). Adem\u00e1s, se tiene que<strong>&nbsp;firmar un contrato&nbsp;<\/strong>con los administradores de la terminal a\u00e9rea en cuesti\u00f3n \u201cen el cual se establecen&nbsp;<strong>los pagos y contraprestaciones&nbsp;<\/strong>por estos servicios\u201d.<\/p>\n\n\n\n<p>La Cofece se\u00f1ala que los requisitos para obtener este aval son:<\/p>\n\n\n\n<ul class=\"wp-block-list\"><li>Contar con un permiso federal otorgado de manera individual por la SICT<\/li><li>Obtener la autorizaci\u00f3n del aeropuerto para operar dentro de la terminal a\u00e9rea y el estacionamiento, considerados por ley como zona federal.<\/li><\/ul>\n\n\n\n<p>La autorizaci\u00f3n es dada solo si cada permisionario:<\/p>\n\n\n\n<ul class=\"wp-block-list\"><li>Firma un contrato individual de derecho de acceso a dicha zona<\/li><li>Pertenece a una agrupaci\u00f3n de taxistas o sitio<\/li><li>Dicha agrupaci\u00f3n tiene un contrato moral con el aeropuerto<\/li><\/ul>\n","protected":false},"excerpt":{"rendered":"<p>El presidente Andr\u00e9s Manuel L\u00f3pez Obrador se comprometi\u00f3 este jueves a revisar el tema de la prohibici\u00f3n de taxis por aplicaci\u00f3n como Uber, Didi, Cabify o Beat en el Aeropuerto Internacional de la Ciudad de M\u00e9xico. Cuestionado sobre este tema en la conferencia de prensa matutina, el mandatario mexicano asegur\u00f3 que no sabe por qu\u00e9 [&hellip;]<\/p>\n","protected":false},"author":4,"featured_media":9078,"comment_status":"open","ping_status":"open","sticky":false,"template":"","format":"standard","meta":{"om_disable_all_campaigns":false,"_monsterinsights_skip_tracking":false,"_monsterinsights_sitenote_active":false,"_monsterinsights_sitenote_note":"","_monsterinsights_sitenote_category":0,"footnotes":""},"categories":[176],"tags":[],"class_list":["post-9077","post","type-post","status-publish","format-standard","has-post-thumbnail","hentry","category-nacional"],"amp_enabled":true,"_links":{"self":[{"href":"https:\/\/lahora.mx\/index.php\/wp-json\/wp\/v2\/posts\/9077","targetHints":{"allow":["GET"]}}],"collection":[{"href":"https:\/\/lahora.mx\/index.php\/wp-json\/wp\/v2\/posts"}],"about":[{"href":"https:\/\/lahora.mx\/index.php\/wp-json\/wp\/v2\/types\/post"}],"author":[{"embeddable":true,"href":"https:\/\/lahora.mx\/index.php\/wp-json\/wp\/v2\/users\/4"}],"replies":[{"embeddable":true,"href":"https:\/\/lahora.mx\/index.php\/wp-json\/wp\/v2\/comments?post=9077"}],"version-history":[{"count":1,"href":"https:\/\/lahora.mx\/index.php\/wp-json\/wp\/v2\/posts\/9077\/revisions"}],"predecessor-version":[{"id":9079,"href":"https:\/\/lahora.mx\/index.php\/wp-json\/wp\/v2\/posts\/9077\/revisions\/9079"}],"wp:featuredmedia":[{"embeddable":true,"href":"https:\/\/lahora.mx\/index.php\/wp-json\/wp\/v2\/media\/9078"}],"wp:attachment":[{"href":"https:\/\/lahora.mx\/index.php\/wp-json\/wp\/v2\/media?parent=9077"}],"wp:term":[{"taxonomy":"category","embeddable":true,"href":"https:\/\/lahora.mx\/index.php\/wp-json\/wp\/v2\/categories?post=9077"},{"taxonomy":"post_tag","embeddable":true,"href":"https:\/\/lahora.mx\/index.php\/wp-json\/wp\/v2\/tags?post=9077"}],"curies":[{"name":"wp","href":"https:\/\/api.w.org\/{rel}","templated":true}]}}