{"id":907,"date":"2021-12-23T00:46:18","date_gmt":"2021-12-23T00:46:18","guid":{"rendered":"http:\/\/lahora.mx\/?p=907"},"modified":"2021-12-23T00:46:18","modified_gmt":"2021-12-23T00:46:18","slug":"detencion-de-jose-manuel-del-rio-virgen-fiscalia-de-veracruz-confirma","status":"publish","type":"post","link":"https:\/\/lahora.mx\/index.php\/2021\/12\/23\/detencion-de-jose-manuel-del-rio-virgen-fiscalia-de-veracruz-confirma\/","title":{"rendered":"Detenci\u00f3n de Jos\u00e9 Manuel del R\u00edo Virgen, Fiscal\u00eda de Veracruz confirma"},"content":{"rendered":"<p>La Fiscal\u00eda General del Estado de Veracruz inform\u00f3 que elementos de la polic\u00eda ministerial cumplimentaron la orden de aprehensi\u00f3n en contra del exdiputado federal por su presunta participaci\u00f3n en la comisi\u00f3n del delito de homicidio doloso calificado.<br \/>\nAnte la detenci\u00f3n de Jos\u00e9 Manuel del R\u00edo Virgen, el presidente de la Junta de Coordinaci\u00f3n Pol\u00edtica del Senado,\u00a0 Ricardo Monreal, asegur\u00f3 que se trata de una acci\u00f3n \u00abalejada del principio de legalidad\u00bb.<br \/>\nEl senador defendi\u00f3 de Jos\u00e9\u00a0 Manuel del R\u00edo Virgen y advirti\u00f3 que se actuar\u00e1 para exigir el fin de lo que llam\u00f3 \u00abuna persecuci\u00f3n\u00bb en Veracruz. \u00abNos consta el prestigio y la buena fama de los que durante toda su vida ha gozado Jos\u00e9 Manuel del R\u00edo Virgen y tenemos la certeza de que superar\u00e1 este acto ilegal en su contra, en aquella entidad, aunque haya tenido que pasar esta desagradable situaci\u00f3n, como muchos lo han pasado en los \u00faltimos a\u00f1os\u00bb, dijo Monreal.<\/p>\n<p>El Economista<\/p>\n","protected":false},"excerpt":{"rendered":"<p>La Fiscal\u00eda General del Estado de Veracruz inform\u00f3 que elementos de la polic\u00eda ministerial cumplimentaron la orden de aprehensi\u00f3n en contra del exdiputado federal por su presunta participaci\u00f3n en la comisi\u00f3n del delito de homicidio doloso calificado. Ante la detenci\u00f3n de Jos\u00e9 Manuel del R\u00edo Virgen, el presidente de la Junta de Coordinaci\u00f3n Pol\u00edtica del [&hellip;]<\/p>\n","protected":false},"author":4,"featured_media":908,"comment_status":"open","ping_status":"open","sticky":false,"template":"","format":"standard","meta":{"om_disable_all_campaigns":false,"_monsterinsights_skip_tracking":false,"_monsterinsights_sitenote_active":false,"_monsterinsights_sitenote_note":"","_monsterinsights_sitenote_category":0,"footnotes":""},"categories":[176],"tags":[],"class_list":["post-907","post","type-post","status-publish","format-standard","has-post-thumbnail","hentry","category-nacional"],"amp_enabled":true,"_links":{"self":[{"href":"https:\/\/lahora.mx\/index.php\/wp-json\/wp\/v2\/posts\/907","targetHints":{"allow":["GET"]}}],"collection":[{"href":"https:\/\/lahora.mx\/index.php\/wp-json\/wp\/v2\/posts"}],"about":[{"href":"https:\/\/lahora.mx\/index.php\/wp-json\/wp\/v2\/types\/post"}],"author":[{"embeddable":true,"href":"https:\/\/lahora.mx\/index.php\/wp-json\/wp\/v2\/users\/4"}],"replies":[{"embeddable":true,"href":"https:\/\/lahora.mx\/index.php\/wp-json\/wp\/v2\/comments?post=907"}],"version-history":[{"count":1,"href":"https:\/\/lahora.mx\/index.php\/wp-json\/wp\/v2\/posts\/907\/revisions"}],"predecessor-version":[{"id":909,"href":"https:\/\/lahora.mx\/index.php\/wp-json\/wp\/v2\/posts\/907\/revisions\/909"}],"wp:featuredmedia":[{"embeddable":true,"href":"https:\/\/lahora.mx\/index.php\/wp-json\/wp\/v2\/media\/908"}],"wp:attachment":[{"href":"https:\/\/lahora.mx\/index.php\/wp-json\/wp\/v2\/media?parent=907"}],"wp:term":[{"taxonomy":"category","embeddable":true,"href":"https:\/\/lahora.mx\/index.php\/wp-json\/wp\/v2\/categories?post=907"},{"taxonomy":"post_tag","embeddable":true,"href":"https:\/\/lahora.mx\/index.php\/wp-json\/wp\/v2\/tags?post=907"}],"curies":[{"name":"wp","href":"https:\/\/api.w.org\/{rel}","templated":true}]}}