{"id":9067,"date":"2022-06-30T01:49:40","date_gmt":"2022-06-30T01:49:40","guid":{"rendered":"http:\/\/lahora.mx\/?p=9067"},"modified":"2022-06-30T01:49:40","modified_gmt":"2022-06-30T01:49:40","slug":"por-cambio-de-placas-de-ultima-hora-en-puebla-se-crea-un-caos-en-cis-angelopolis","status":"publish","type":"post","link":"https:\/\/lahora.mx\/index.php\/2022\/06\/30\/por-cambio-de-placas-de-ultima-hora-en-puebla-se-crea-un-caos-en-cis-angelopolis\/","title":{"rendered":"Por cambio de placas de \u00faltima hora en Puebla se crea un caos en CIS Angel\u00f3polis"},"content":{"rendered":"\n<p>A unas horas de que en Puebla venza el plazo para el canje de placas con gratuidad de la nueva tarjeta de circulaci\u00f3n, automovilistas hicieron grandes filas y provocaron caos vehicular en el Centro Integral de Servicios (CIS) de Angel\u00f3polis.<\/p>\n\n\n\n<p>En redes sociales se report\u00f3 tambi\u00e9n gran afluencia en el CIS de San Javier y el de San Francisco, en el Centro Hist\u00f3rico de la ciudad, as\u00ed com en otros municipios.<\/p>\n\n\n\n<p>Esto debido a que a partir del 1 de julio se tendr\u00e1 que pagar el costo de las placas m\u00e1s 560 pesos por la nueva tarjeta de circulaci\u00f3n.<\/p>\n\n\n\n<p>No obstante, el gobierno del estado ya aclar\u00f3 que no habr\u00e1 ning\u00fan tipo de sanci\u00f3n para quien no haga el cambio de placas antes del 1 de julio, pues la \u00fanica desventaja es que pagar\u00e1n m\u00e1s.<\/p>\n\n\n\n<p>Hace unos d\u00edas el gobierno record\u00f3 en un comunicado que desde el a\u00f1o pasado comenz\u00f3 la gratuidad de la tarjeta de circulaci\u00f3n, as\u00ed que, durante nueve meses, las y los contribuyentes contaron con el beneficio de pagar una cuota \u00fanica, que incluy\u00f3 canje de placas, expedici\u00f3n de tarjeta de circulaci\u00f3n, calcoman\u00eda de identificaci\u00f3n vehicular, as\u00ed como la baja de las placas anteriores.<\/p>\n\n\n\n<p>Adem\u00e1s, los veh\u00edculos con placas de circulaci\u00f3n para transportar personas con discapacidad estuvieron exentos de este pago.<\/p>\n\n\n\n<p>Es as\u00ed que partir del 01 de julio de 2022, quienes no realizaron a tiempo el canje de placas de sus unidades, deber\u00e1n efectuar el pago conforme a las siguientes cuotas:<\/p>\n\n\n\n<p>A este monto se debe agregar el pago de tenencia que corresponda a cada veh\u00edculo de quienes no cubrieron el control vehicular antes del 30 de junio.<\/p>\n","protected":false},"excerpt":{"rendered":"<p>A unas horas de que en Puebla venza el plazo para el canje de placas con gratuidad de la nueva tarjeta de circulaci\u00f3n, automovilistas hicieron grandes filas y provocaron caos vehicular en el Centro Integral de Servicios (CIS) de Angel\u00f3polis. En redes sociales se report\u00f3 tambi\u00e9n gran afluencia en el CIS de San Javier y [&hellip;]<\/p>\n","protected":false},"author":4,"featured_media":9068,"comment_status":"open","ping_status":"open","sticky":false,"template":"","format":"standard","meta":{"om_disable_all_campaigns":false,"_monsterinsights_skip_tracking":false,"_monsterinsights_sitenote_active":false,"_monsterinsights_sitenote_note":"","_monsterinsights_sitenote_category":0,"footnotes":""},"categories":[175],"tags":[195,223],"class_list":["post-9067","post","type-post","status-publish","format-standard","has-post-thumbnail","hentry","category-local","tag-principal","tag-puebla"],"amp_enabled":true,"_links":{"self":[{"href":"https:\/\/lahora.mx\/index.php\/wp-json\/wp\/v2\/posts\/9067","targetHints":{"allow":["GET"]}}],"collection":[{"href":"https:\/\/lahora.mx\/index.php\/wp-json\/wp\/v2\/posts"}],"about":[{"href":"https:\/\/lahora.mx\/index.php\/wp-json\/wp\/v2\/types\/post"}],"author":[{"embeddable":true,"href":"https:\/\/lahora.mx\/index.php\/wp-json\/wp\/v2\/users\/4"}],"replies":[{"embeddable":true,"href":"https:\/\/lahora.mx\/index.php\/wp-json\/wp\/v2\/comments?post=9067"}],"version-history":[{"count":1,"href":"https:\/\/lahora.mx\/index.php\/wp-json\/wp\/v2\/posts\/9067\/revisions"}],"predecessor-version":[{"id":9069,"href":"https:\/\/lahora.mx\/index.php\/wp-json\/wp\/v2\/posts\/9067\/revisions\/9069"}],"wp:featuredmedia":[{"embeddable":true,"href":"https:\/\/lahora.mx\/index.php\/wp-json\/wp\/v2\/media\/9068"}],"wp:attachment":[{"href":"https:\/\/lahora.mx\/index.php\/wp-json\/wp\/v2\/media?parent=9067"}],"wp:term":[{"taxonomy":"category","embeddable":true,"href":"https:\/\/lahora.mx\/index.php\/wp-json\/wp\/v2\/categories?post=9067"},{"taxonomy":"post_tag","embeddable":true,"href":"https:\/\/lahora.mx\/index.php\/wp-json\/wp\/v2\/tags?post=9067"}],"curies":[{"name":"wp","href":"https:\/\/api.w.org\/{rel}","templated":true}]}}