{"id":9064,"date":"2022-06-30T01:47:24","date_gmt":"2022-06-30T01:47:24","guid":{"rendered":"http:\/\/lahora.mx\/?p=9064"},"modified":"2022-06-30T01:47:25","modified_gmt":"2022-06-30T01:47:25","slug":"tras-feminicidio-de-la-nina-brenda-chichiquila-exige-justicia","status":"publish","type":"post","link":"https:\/\/lahora.mx\/index.php\/2022\/06\/30\/tras-feminicidio-de-la-nina-brenda-chichiquila-exige-justicia\/","title":{"rendered":"Tras feminicidio de la ni\u00f1a Brenda Chichiquila exige justicia"},"content":{"rendered":"\n<p>Al grito de justicia cientos de pobladores del municipio de Chichiquila exigieron la tarde de este mi\u00e9rcoles que no haya impunidad por el feminicidio de Brenda Mu\u00f1oz, la ni\u00f1a de cuatro a\u00f1os que fue v\u00edctima de abuso sexual y luego asesinada.<\/p>\n\n\n\n<p>En punto de las 15:00 horas las personas se reunieron en la casa de la familia Mu\u00f1oz. La mayor\u00eda lleg\u00f3 con vestimenta blanca; globos color blanco y verde, adem\u00e1s de cartulinas con fotograf\u00edas de Brenda y la exigencia de justicia.<\/p>\n\n\n\n<p>La marcha sali\u00f3 rumbo a la presidencia municipal y el contingente lo encabezaron ni\u00f1os y ni\u00f1as que sosten\u00edan una lona que dec\u00eda: \u00abalzamos la voz para que no haya m\u00e1s asesinatos como sucedi\u00f3 con la peque\u00f1a Brenda Mu\u00f1oz. Queremos justicia y m\u00e1s vigilancia en Chichiquila y sus comunidades. Alto a la violencia\u00bb.<\/p>\n\n\n\n<p>Con consignas como \u00abBrenda est\u00e1 presente\u00bb, \u00abni una m\u00e1s\u00bb y \u00abqueremos justicia\u00bb, la gente camin\u00f3 hasta llegar a la presidencia municipal, pero ninguna autoridad sali\u00f3 a atenderlos.<br>\u00abSabemos que nos est\u00e1n oyendo\u00bb, gritaron, y luego de unos minutos continuaron la marcha hasta llegar al domicilio donde era velado el cuerpo de Brenda.<\/p>\n\n\n\n<p>Ah\u00ed, la familia los atendi\u00f3 y agradeci\u00f3 el apoyo y solidaridad que mostraron los habitantes de las comunidades.<\/p>\n\n\n\n<p>El lunes 27 de junio Brenda Mu\u00f1oz, fue a visitar a su abuela, a quien le pidi\u00f3 dinero para comprar una golosina, pero luego de salir ya no volvi\u00f3 porque dos hombres la retuvieron, violaron y luego la mataron.<\/p>\n","protected":false},"excerpt":{"rendered":"<p>Al grito de justicia cientos de pobladores del municipio de Chichiquila exigieron la tarde de este mi\u00e9rcoles que no haya impunidad por el feminicidio de Brenda Mu\u00f1oz, la ni\u00f1a de cuatro a\u00f1os que fue v\u00edctima de abuso sexual y luego asesinada. En punto de las 15:00 horas las personas se reunieron en la casa de [&hellip;]<\/p>\n","protected":false},"author":4,"featured_media":9065,"comment_status":"open","ping_status":"open","sticky":false,"template":"","format":"standard","meta":{"om_disable_all_campaigns":false,"_monsterinsights_skip_tracking":false,"_monsterinsights_sitenote_active":false,"_monsterinsights_sitenote_note":"","_monsterinsights_sitenote_category":0,"footnotes":""},"categories":[175],"tags":[223],"class_list":["post-9064","post","type-post","status-publish","format-standard","has-post-thumbnail","hentry","category-local","tag-puebla"],"amp_enabled":true,"_links":{"self":[{"href":"https:\/\/lahora.mx\/index.php\/wp-json\/wp\/v2\/posts\/9064","targetHints":{"allow":["GET"]}}],"collection":[{"href":"https:\/\/lahora.mx\/index.php\/wp-json\/wp\/v2\/posts"}],"about":[{"href":"https:\/\/lahora.mx\/index.php\/wp-json\/wp\/v2\/types\/post"}],"author":[{"embeddable":true,"href":"https:\/\/lahora.mx\/index.php\/wp-json\/wp\/v2\/users\/4"}],"replies":[{"embeddable":true,"href":"https:\/\/lahora.mx\/index.php\/wp-json\/wp\/v2\/comments?post=9064"}],"version-history":[{"count":1,"href":"https:\/\/lahora.mx\/index.php\/wp-json\/wp\/v2\/posts\/9064\/revisions"}],"predecessor-version":[{"id":9066,"href":"https:\/\/lahora.mx\/index.php\/wp-json\/wp\/v2\/posts\/9064\/revisions\/9066"}],"wp:featuredmedia":[{"embeddable":true,"href":"https:\/\/lahora.mx\/index.php\/wp-json\/wp\/v2\/media\/9065"}],"wp:attachment":[{"href":"https:\/\/lahora.mx\/index.php\/wp-json\/wp\/v2\/media?parent=9064"}],"wp:term":[{"taxonomy":"category","embeddable":true,"href":"https:\/\/lahora.mx\/index.php\/wp-json\/wp\/v2\/categories?post=9064"},{"taxonomy":"post_tag","embeddable":true,"href":"https:\/\/lahora.mx\/index.php\/wp-json\/wp\/v2\/tags?post=9064"}],"curies":[{"name":"wp","href":"https:\/\/api.w.org\/{rel}","templated":true}]}}