{"id":9055,"date":"2022-06-29T23:12:19","date_gmt":"2022-06-29T23:12:19","guid":{"rendered":"http:\/\/lahora.mx\/?p=9055"},"modified":"2022-06-29T23:12:21","modified_gmt":"2022-06-29T23:12:21","slug":"dan-luz-verde-al-ine-por-parte-de-tepjf-para-que-investigue-a-sheinbaum-por-actos-anticipados-de-campana-rumbo-al-2024","status":"publish","type":"post","link":"https:\/\/lahora.mx\/index.php\/2022\/06\/29\/dan-luz-verde-al-ine-por-parte-de-tepjf-para-que-investigue-a-sheinbaum-por-actos-anticipados-de-campana-rumbo-al-2024\/","title":{"rendered":"Dan luz verde al INE por parte de TEPJF para que investigue a Sheinbaum por actos anticipados de campa\u00f1a rumbo al 2024"},"content":{"rendered":"\n<p>La Sala Superior del Tribunal Electoral del Poder Judicial de la Federaci\u00f3n (TEPJF) resolvi\u00f3 este mi\u00e9rcoles que el Instituto Nacional Electoral (INE) tiene la facultad para poder investigar a Claudia Sheinbaum, jefa de Gobierno de la Ciudad de M\u00e9xico, por presuntos actos anticipados de precampa\u00f1a y campa\u00f1a rumbo a la elecci\u00f3n presidencial de 2024.<\/p>\n\n\n\n<p>Y es que la Unidad T\u00e9cnica de lo Contencioso Electoral del INE admiti\u00f3 una queja interpuesta por el Partido Revolucionario Institucional (PRI), por lo que solicit\u00f3 el pasado 7 de junio a trav\u00e9s de un oficio que la mandataria confirme si busca o no una candidatura a la Presidencia de la Rep\u00fablica con Morena.<\/p>\n\n\n\n<p>Adem\u00e1s, le requiri\u00f3 confirmar si el pasado 22 de mayo declar\u00f3 ante la prensa que \u201cM\u00e9xico estaba listo para tener una presidenta\u201d.<\/p>\n\n\n\n<p>Al respecto, Sheinbaum impugn\u00f3 el acuerdo del \u00f3rgano electoral mediante la Direcci\u00f3n General de Servicios Legales de la Consejer\u00eda Jur\u00eddica y de Servicios Legales del Gobierno de la Ciudad de M\u00e9xico.<br><\/p>\n\n\n\n<p>Sin embargo, el INE le advirti\u00f3 que de no responder al requerimiento, podr\u00eda ser objeto de una amonestaci\u00f3n p\u00fablica.<\/p>\n\n\n\n<p>La resoluci\u00f3n del Tribunal Electoral fue aprobada por cuatro votos a favor y tres en contra de los magistrados Jos\u00e9 Luis Vargas, Indalfer Infante y M\u00f3nica Soto.<\/p>\n\n\n\n<p>Al argumentar su voto en contra, Indalfer Infante se\u00f1al\u00f3 que el acuerdo no debi\u00f3 ser impugnado por la Consejer\u00eda Jur\u00eddica y de Servicios Legales del Gobierno de la Ciudad de M\u00e9xico, ya que el PRI denunci\u00f3 a Claudia Sheinbaum como ciudadana que aspira a la presidencia y no como jefa de Gobierno capitalina.<br><\/p>\n\n\n\n<p>\u201cSi la queja se sigue como ciudadana, las autoridades electorales podr\u00e1n emitir las sanciones correspondientes. Sin embargo, si se le sigue como servidora p\u00fablica, \u00fanicamente podr\u00e1n definir y mandarlo a los superiores jer\u00e1rquicos o los congresos locales\u201d, manifest\u00f3.<\/p>\n\n\n\n<p>Sheinbaum s\u00ed difundi\u00f3 propaganda durante veda<br>Por otra parte, la Sala Superior del TEPJF confirm\u00f3 que Sheinbaum s\u00ed difundi\u00f3 propaganda gubernamental en periodo prohibido por la consulta popular de Revocaci\u00f3n de Mandato, realizado el 10 de abril pasado.<\/p>\n\n\n\n<p>Por unanimidad, los magistrados determinaron que incumpli\u00f3 con las medidas cautelares impuestas por la autoridad electoral con el siguiente mensaje en Twitter:<br><\/p>\n\n\n\n<p>\u201cLes invito a participar en eso que me prohibieron hablar\u201d, escribi\u00f3 la morenista.<\/p>\n\n\n\n<p>Lo anterior, al respaldar la resoluci\u00f3n de la Sala Regional Especializada, que expuso que al entrelazar la fecha de la publicaci\u00f3n (18 de febrero), el mensaje que se difundi\u00f3 y el contexto en el que se desarrollaba el proceso de revocaci\u00f3n de mandato, infieren a que llamaba a participar a este ejercicio.<\/p>\n\n\n\n<p>\u201cLa frase denunciada no fue gen\u00e9rica ni neutral, sino que puede se\u00f1alarse m\u00e1s all\u00e1 de toda duda razonable que el significado ten\u00eda como finalidad promover la participaci\u00f3n ciudadana en tal proceso, precisamente al se\u00f1alar: \u2018Los invito a participar en eso que me prohibieron hablar\u2019, en relaci\u00f3n a la restricci\u00f3n que le hab\u00eda se\u00f1alado el INE y el propio mecanismo de participaci\u00f3n ciudadano\u201d, refiere el proyecto aprobado.<\/p>\n\n\n\n<p>Adem\u00e1s, resolvi\u00f3 que Sheinbaum promocion\u00f3 obras p\u00fablicas en el periodo prohibido marcado por la Ley de Revocaci\u00f3n de Mandato.<\/p>\n","protected":false},"excerpt":{"rendered":"<p>La Sala Superior del Tribunal Electoral del Poder Judicial de la Federaci\u00f3n (TEPJF) resolvi\u00f3 este mi\u00e9rcoles que el Instituto Nacional Electoral (INE) tiene la facultad para poder investigar a Claudia Sheinbaum, jefa de Gobierno de la Ciudad de M\u00e9xico, por presuntos actos anticipados de precampa\u00f1a y campa\u00f1a rumbo a la elecci\u00f3n presidencial de 2024. Y [&hellip;]<\/p>\n","protected":false},"author":4,"featured_media":9056,"comment_status":"open","ping_status":"open","sticky":false,"template":"","format":"standard","meta":{"om_disable_all_campaigns":false,"_monsterinsights_skip_tracking":false,"_monsterinsights_sitenote_active":false,"_monsterinsights_sitenote_note":"","_monsterinsights_sitenote_category":0,"footnotes":""},"categories":[176],"tags":[],"class_list":["post-9055","post","type-post","status-publish","format-standard","has-post-thumbnail","hentry","category-nacional"],"amp_enabled":true,"_links":{"self":[{"href":"https:\/\/lahora.mx\/index.php\/wp-json\/wp\/v2\/posts\/9055","targetHints":{"allow":["GET"]}}],"collection":[{"href":"https:\/\/lahora.mx\/index.php\/wp-json\/wp\/v2\/posts"}],"about":[{"href":"https:\/\/lahora.mx\/index.php\/wp-json\/wp\/v2\/types\/post"}],"author":[{"embeddable":true,"href":"https:\/\/lahora.mx\/index.php\/wp-json\/wp\/v2\/users\/4"}],"replies":[{"embeddable":true,"href":"https:\/\/lahora.mx\/index.php\/wp-json\/wp\/v2\/comments?post=9055"}],"version-history":[{"count":1,"href":"https:\/\/lahora.mx\/index.php\/wp-json\/wp\/v2\/posts\/9055\/revisions"}],"predecessor-version":[{"id":9057,"href":"https:\/\/lahora.mx\/index.php\/wp-json\/wp\/v2\/posts\/9055\/revisions\/9057"}],"wp:featuredmedia":[{"embeddable":true,"href":"https:\/\/lahora.mx\/index.php\/wp-json\/wp\/v2\/media\/9056"}],"wp:attachment":[{"href":"https:\/\/lahora.mx\/index.php\/wp-json\/wp\/v2\/media?parent=9055"}],"wp:term":[{"taxonomy":"category","embeddable":true,"href":"https:\/\/lahora.mx\/index.php\/wp-json\/wp\/v2\/categories?post=9055"},{"taxonomy":"post_tag","embeddable":true,"href":"https:\/\/lahora.mx\/index.php\/wp-json\/wp\/v2\/tags?post=9055"}],"curies":[{"name":"wp","href":"https:\/\/api.w.org\/{rel}","templated":true}]}}