{"id":9049,"date":"2022-06-29T23:06:54","date_gmt":"2022-06-29T23:06:54","guid":{"rendered":"http:\/\/lahora.mx\/?p=9049"},"modified":"2022-06-29T23:06:55","modified_gmt":"2022-06-29T23:06:55","slug":"armar-a-los-ciudadanos-seria-el-inicio-del-caos-senado-iniciara-revision-de-estrategia-de-seguridad","status":"publish","type":"post","link":"https:\/\/lahora.mx\/index.php\/2022\/06\/29\/armar-a-los-ciudadanos-seria-el-inicio-del-caos-senado-iniciara-revision-de-estrategia-de-seguridad\/","title":{"rendered":"Armar a los ciudadanos ser\u00eda \u201cel inicio del caos\u201d; Senado iniciar\u00e1 revisi\u00f3n de estrategia de seguridad"},"content":{"rendered":"\n<p>El presidente de la Junta de Coordinaci\u00f3n Pol\u00edtica del Senado, Ricardo Monreal, se\u00f1al\u00f3 que la idea de armar a los ciudadanos para hacer frente a la violencia, como lo plante\u00f3 el PRI, es algo que \u201cnunca ha funcionado\u201d y ser\u00eda \u201cel inicio del caos\u201d.<\/p>\n\n\n\n<p>Dijo que la responsabilidad es del Estado, por lo que la C\u00e1mara alta tambi\u00e9n cumplir\u00e1 con su tarea, de modo que a partir de la pr\u00f3xima semana comenzar\u00e1n los trabajos para revisar la estrategia de seguridad del gobierno federal.<\/p>\n\n\n\n<p>\u201cRespeto la opini\u00f3n del Presidente del PRI, pero establecer leyes u ordenamientos jur\u00eddicos que permitan armarse a los ciudadanos es el inicio del caos. No, yo no podr\u00eda aceptar. No, lo que tenemos que hacer es tener mayor cuidado, mayor eficacia de los \u00f3rganos que leg\u00edtimamente est\u00e1n facultados para combatir la delincuencia y el crimen.<br><\/p>\n\n\n\n<p>El Estado tiene una obligaci\u00f3n y un fin primordial, que es el de otorgar seguridad p\u00fablica a las personas, a sus bienes, a sus propiedades. Es una obligaci\u00f3n del Estado y el Estado debe de garantizar que sea efectivo ese derecho fundamental a la seguridad p\u00fablica; y por eso creo que el Senado no puede mantenerse ajeno, dado que tambi\u00e9n es una facultad constitucional el analizar anualmente los planes nacionales de la Guardia Nacional\u201d, declar\u00f3.<\/p>\n\n\n\n<p>Entrevistado en el Senado, el tambi\u00e9n coordinador del grupo parlamentario de Morena dijo que iniciar\u00e1n los trabajos primero s\u00f3lo entre senadores, para revisar la estrategia de seguridad nacional, y luego, de ser necesario, realizar las comparecencias pertinentes de los funcionarios.<\/p>\n\n\n\n<p>\u201cLo que nosotros estamos planteando es colaborar con el Ejecutivo federal para mejorar este servicio p\u00fablico fundamental, que es la seguridad p\u00fablica, y varios senadores me lo han planteado, y creo que dialogar sobre este tema clave no es ajeno a nuestra responsabilidad\u201d, indic\u00f3.<br>Se\u00f1al\u00f3 que en esta revisi\u00f3n de la estrategia de seguridad nacional tambi\u00e9n pueden participar instancias de la sociedad civil, el Episcopado, la academia y los empresarios, entre otros.<\/p>\n","protected":false},"excerpt":{"rendered":"<p>El presidente de la Junta de Coordinaci\u00f3n Pol\u00edtica del Senado, Ricardo Monreal, se\u00f1al\u00f3 que la idea de armar a los ciudadanos para hacer frente a la violencia, como lo plante\u00f3 el PRI, es algo que \u201cnunca ha funcionado\u201d y ser\u00eda \u201cel inicio del caos\u201d. Dijo que la responsabilidad es del Estado, por lo que la [&hellip;]<\/p>\n","protected":false},"author":4,"featured_media":9050,"comment_status":"open","ping_status":"open","sticky":false,"template":"","format":"standard","meta":{"om_disable_all_campaigns":false,"_monsterinsights_skip_tracking":false,"_monsterinsights_sitenote_active":false,"_monsterinsights_sitenote_note":"","_monsterinsights_sitenote_category":0,"footnotes":""},"categories":[176],"tags":[],"class_list":["post-9049","post","type-post","status-publish","format-standard","has-post-thumbnail","hentry","category-nacional"],"amp_enabled":true,"_links":{"self":[{"href":"https:\/\/lahora.mx\/index.php\/wp-json\/wp\/v2\/posts\/9049","targetHints":{"allow":["GET"]}}],"collection":[{"href":"https:\/\/lahora.mx\/index.php\/wp-json\/wp\/v2\/posts"}],"about":[{"href":"https:\/\/lahora.mx\/index.php\/wp-json\/wp\/v2\/types\/post"}],"author":[{"embeddable":true,"href":"https:\/\/lahora.mx\/index.php\/wp-json\/wp\/v2\/users\/4"}],"replies":[{"embeddable":true,"href":"https:\/\/lahora.mx\/index.php\/wp-json\/wp\/v2\/comments?post=9049"}],"version-history":[{"count":1,"href":"https:\/\/lahora.mx\/index.php\/wp-json\/wp\/v2\/posts\/9049\/revisions"}],"predecessor-version":[{"id":9051,"href":"https:\/\/lahora.mx\/index.php\/wp-json\/wp\/v2\/posts\/9049\/revisions\/9051"}],"wp:featuredmedia":[{"embeddable":true,"href":"https:\/\/lahora.mx\/index.php\/wp-json\/wp\/v2\/media\/9050"}],"wp:attachment":[{"href":"https:\/\/lahora.mx\/index.php\/wp-json\/wp\/v2\/media?parent=9049"}],"wp:term":[{"taxonomy":"category","embeddable":true,"href":"https:\/\/lahora.mx\/index.php\/wp-json\/wp\/v2\/categories?post=9049"},{"taxonomy":"post_tag","embeddable":true,"href":"https:\/\/lahora.mx\/index.php\/wp-json\/wp\/v2\/tags?post=9049"}],"curies":[{"name":"wp","href":"https:\/\/api.w.org\/{rel}","templated":true}]}}