{"id":9040,"date":"2022-06-29T22:53:53","date_gmt":"2022-06-29T22:53:53","guid":{"rendered":"http:\/\/lahora.mx\/?p=9040"},"modified":"2022-06-29T22:53:54","modified_gmt":"2022-06-29T22:53:54","slug":"llega-cesar-yanez-al-gabinete-como-subsecretario-de-segob","status":"publish","type":"post","link":"https:\/\/lahora.mx\/index.php\/2022\/06\/29\/llega-cesar-yanez-al-gabinete-como-subsecretario-de-segob\/","title":{"rendered":"Llega C\u00e9sar Ya\u00f1ez al gabinete como subsecretario de Segob"},"content":{"rendered":"\n<p>Ad\u00e1n Augusto L\u00f3pez, secretario de Gobernaci\u00f3n, dio a conocer el nombramiento de C\u00e9sar Y\u00e1\u00f1ez, uno de los hombres m\u00e1s cercanos al presidente Andr\u00e9s Manuel L\u00f3pez Obrador, como subsecretario de Desarrollo Democr\u00e1tico, Participaci\u00f3n Social y Asuntos Religiosos.<\/p>\n\n\n\n<p>El secretario se\u00f1al\u00f3 que por orden del presidente L\u00f3pez Obrador Ya\u00f1ez entrar\u00e1 en sustituci\u00f3n de Rabindranath Salazar Solorio, quien ahora ser\u00e1 Coordinador General de Pol\u00edtica y Gobierno de la Presidencia de la Rep\u00fablica.<\/p>\n\n\n\n<p>A trav\u00e9s de sus redes sociales el secretario hizo p\u00fablicos ambos nombramientos y dio la posesi\u00f3n del cargo a ambos servidores p\u00fablicos.<\/p>\n\n\n\n<p>Por m\u00e1s de medio sexenio, desde diciembre de 2018, Y\u00e1\u00f1ez Centeno fungi\u00f3 como coordinador general de Pol\u00edtica y Gobierno de M\u00e9xico de la Presidencia de la Rep\u00fablica, oficina encargada de la comunicaci\u00f3n con las dependencias y \u00e1reas de la administraci\u00f3n p\u00fablica y Atenci\u00f3n Ciudadana.<\/p>\n\n\n\n<p>Ya\u00f1ez es uno de los hombres m\u00e1s cercanos al presidente L\u00f3pez Obrador, con quien se vincul\u00f3 desde 1997 cuando ambos militaban en el PRD. En el a\u00f1o 2000, cuando AMLO lleg\u00f3 a la jefatura de gobierno de la Ciudad de M\u00e9xico, Y\u00e1\u00f1ez fue nombrado como su director general de Comunicaci\u00f3n Social, puesto que ocupar\u00eda hasta 2005.<br>Cuando el mandatario se separ\u00f3 del PRD para fundar su propio partido, Y\u00e1\u00f1ez Centeno lo acompa\u00f1\u00f3 desde 2015 como secretario de Comunicaci\u00f3n, Prensa y Propaganda de Morena. Tras el triunfo presidencial del tabasque\u00f1o, Ya\u00f1ez fue designado como parte de la Segob.<\/p>\n\n\n\n<p>Sin embargo, en 2018 fue alejado del c\u00edrculo cercano del presidente por su pol\u00e9mica boda con Dulce Mar\u00eda Silva, en Puebla, lujosa celebraci\u00f3n que contradec\u00eda los valores de \u201causteridad\u201d del nuevo gobierno federal.<\/p>\n\n\n\n<p>El enlace matrimonial se realiz\u00f3 en la Catedral de Puebla y cont\u00f3 con Beatriz Guti\u00e9rrez M\u00fclller como testigo de honor. La boda fue portada de la revista Hola y comparada con la de Ang\u00e9lica Rivera y Enrique Pe\u00f1a Nieto en 2010, y la de la actriz y cantante, Anah\u00ed Puente con el pol\u00edtico Manuel Velasco en 2015.<\/p>\n","protected":false},"excerpt":{"rendered":"<p>Ad\u00e1n Augusto L\u00f3pez, secretario de Gobernaci\u00f3n, dio a conocer el nombramiento de C\u00e9sar Y\u00e1\u00f1ez, uno de los hombres m\u00e1s cercanos al presidente Andr\u00e9s Manuel L\u00f3pez Obrador, como subsecretario de Desarrollo Democr\u00e1tico, Participaci\u00f3n Social y Asuntos Religiosos. El secretario se\u00f1al\u00f3 que por orden del presidente L\u00f3pez Obrador Ya\u00f1ez entrar\u00e1 en sustituci\u00f3n de Rabindranath Salazar Solorio, quien [&hellip;]<\/p>\n","protected":false},"author":4,"featured_media":9041,"comment_status":"open","ping_status":"open","sticky":false,"template":"","format":"standard","meta":{"om_disable_all_campaigns":false,"_monsterinsights_skip_tracking":false,"_monsterinsights_sitenote_active":false,"_monsterinsights_sitenote_note":"","_monsterinsights_sitenote_category":0,"footnotes":""},"categories":[176],"tags":[],"class_list":["post-9040","post","type-post","status-publish","format-standard","has-post-thumbnail","hentry","category-nacional"],"amp_enabled":true,"_links":{"self":[{"href":"https:\/\/lahora.mx\/index.php\/wp-json\/wp\/v2\/posts\/9040","targetHints":{"allow":["GET"]}}],"collection":[{"href":"https:\/\/lahora.mx\/index.php\/wp-json\/wp\/v2\/posts"}],"about":[{"href":"https:\/\/lahora.mx\/index.php\/wp-json\/wp\/v2\/types\/post"}],"author":[{"embeddable":true,"href":"https:\/\/lahora.mx\/index.php\/wp-json\/wp\/v2\/users\/4"}],"replies":[{"embeddable":true,"href":"https:\/\/lahora.mx\/index.php\/wp-json\/wp\/v2\/comments?post=9040"}],"version-history":[{"count":1,"href":"https:\/\/lahora.mx\/index.php\/wp-json\/wp\/v2\/posts\/9040\/revisions"}],"predecessor-version":[{"id":9042,"href":"https:\/\/lahora.mx\/index.php\/wp-json\/wp\/v2\/posts\/9040\/revisions\/9042"}],"wp:featuredmedia":[{"embeddable":true,"href":"https:\/\/lahora.mx\/index.php\/wp-json\/wp\/v2\/media\/9041"}],"wp:attachment":[{"href":"https:\/\/lahora.mx\/index.php\/wp-json\/wp\/v2\/media?parent=9040"}],"wp:term":[{"taxonomy":"category","embeddable":true,"href":"https:\/\/lahora.mx\/index.php\/wp-json\/wp\/v2\/categories?post=9040"},{"taxonomy":"post_tag","embeddable":true,"href":"https:\/\/lahora.mx\/index.php\/wp-json\/wp\/v2\/tags?post=9040"}],"curies":[{"name":"wp","href":"https:\/\/api.w.org\/{rel}","templated":true}]}}