{"id":9019,"date":"2022-06-29T22:08:50","date_gmt":"2022-06-29T22:08:50","guid":{"rendered":"http:\/\/lahora.mx\/?p=9019"},"modified":"2022-06-29T22:08:51","modified_gmt":"2022-06-29T22:08:51","slug":"agredida-y-asesinada-brenda-la-nina-de-4-anos-de-edad","status":"publish","type":"post","link":"https:\/\/lahora.mx\/index.php\/2022\/06\/29\/agredida-y-asesinada-brenda-la-nina-de-4-anos-de-edad\/","title":{"rendered":"Agredida y asesinada; Brenda, la ni\u00f1a de 4 a\u00f1os de edad"},"content":{"rendered":"\n<p>Brenda N, una ni\u00f1a de 4 a\u00f1os de edad fue abusada sexualmente y asesinada a manos de tres sujetos en la comunidad de Ocotlitl\u00e1n, perteneciente al municipio de Chichiquila.<\/p>\n\n\n\n<p>De acuerdo con versiones extraoficiales, el hecho ocurri\u00f3 la noche del lunes, cuando la menor fue sustra\u00edda de su domicilio por tres sujetos, aunque otra versi\u00f3n indica que se la llevaron cuando sali\u00f3 a comprar a la tienda.<\/p>\n\n\n\n<p>Ante la desaparici\u00f3n de la ni\u00f1a, los familiares la vocearon para dar con su paradero y emprendieron una b\u00fasqueda en la comunidad pero desafortunadamente, horas despu\u00e9s la peque\u00f1a Brenda N, fue localizada sin vida.<\/p>\n\n\n\n<p>Exigen localizaci\u00f3n con vida David Y\u00e1\u00f1ez, desaparecido en Xoxtla<br>Trascendi\u00f3 que fue una de sus t\u00edas quien la encontr\u00f3 sin vida, golpeada, con lesiones profundas en la cabeza y con rastros de abuso sexual.<\/p>\n\n\n\n<p>De manera extraoficial, se sabe que tras el feminicidio, ya fueron detenidos los tres presuntos responsables, sin embargo, esta versi\u00f3n no ha sido confirmada por las autoridades competentes, quienes hasta el momento no han emitido ninguna informaci\u00f3n al respecto.<\/p>\n\n\n\n<p>Ante este atroz crimen, los pobladores de Ocotitl\u00e1n y las comunidades vecinas del municipio de Chichiquila comenzaron a organizarse y a trav\u00e9s de redes sociales anunciaron que realizaran una marcha este mi\u00e9rcoles para exigir justicia por el feminicidio de Brenda N, y que los responsables paguen por el delito que cometieron.<\/p>\n","protected":false},"excerpt":{"rendered":"<p>Brenda N, una ni\u00f1a de 4 a\u00f1os de edad fue abusada sexualmente y asesinada a manos de tres sujetos en la comunidad de Ocotlitl\u00e1n, perteneciente al municipio de Chichiquila. De acuerdo con versiones extraoficiales, el hecho ocurri\u00f3 la noche del lunes, cuando la menor fue sustra\u00edda de su domicilio por tres sujetos, aunque otra versi\u00f3n [&hellip;]<\/p>\n","protected":false},"author":4,"featured_media":9020,"comment_status":"open","ping_status":"open","sticky":false,"template":"","format":"standard","meta":{"om_disable_all_campaigns":false,"_monsterinsights_skip_tracking":false,"_monsterinsights_sitenote_active":false,"_monsterinsights_sitenote_note":"","_monsterinsights_sitenote_category":0,"footnotes":""},"categories":[175],"tags":[223],"class_list":["post-9019","post","type-post","status-publish","format-standard","has-post-thumbnail","hentry","category-local","tag-puebla"],"amp_enabled":true,"_links":{"self":[{"href":"https:\/\/lahora.mx\/index.php\/wp-json\/wp\/v2\/posts\/9019","targetHints":{"allow":["GET"]}}],"collection":[{"href":"https:\/\/lahora.mx\/index.php\/wp-json\/wp\/v2\/posts"}],"about":[{"href":"https:\/\/lahora.mx\/index.php\/wp-json\/wp\/v2\/types\/post"}],"author":[{"embeddable":true,"href":"https:\/\/lahora.mx\/index.php\/wp-json\/wp\/v2\/users\/4"}],"replies":[{"embeddable":true,"href":"https:\/\/lahora.mx\/index.php\/wp-json\/wp\/v2\/comments?post=9019"}],"version-history":[{"count":1,"href":"https:\/\/lahora.mx\/index.php\/wp-json\/wp\/v2\/posts\/9019\/revisions"}],"predecessor-version":[{"id":9021,"href":"https:\/\/lahora.mx\/index.php\/wp-json\/wp\/v2\/posts\/9019\/revisions\/9021"}],"wp:featuredmedia":[{"embeddable":true,"href":"https:\/\/lahora.mx\/index.php\/wp-json\/wp\/v2\/media\/9020"}],"wp:attachment":[{"href":"https:\/\/lahora.mx\/index.php\/wp-json\/wp\/v2\/media?parent=9019"}],"wp:term":[{"taxonomy":"category","embeddable":true,"href":"https:\/\/lahora.mx\/index.php\/wp-json\/wp\/v2\/categories?post=9019"},{"taxonomy":"post_tag","embeddable":true,"href":"https:\/\/lahora.mx\/index.php\/wp-json\/wp\/v2\/tags?post=9019"}],"curies":[{"name":"wp","href":"https:\/\/api.w.org\/{rel}","templated":true}]}}