{"id":9013,"date":"2022-06-29T17:35:05","date_gmt":"2022-06-29T17:35:05","guid":{"rendered":"http:\/\/lahora.mx\/?p=9013"},"modified":"2022-06-29T17:35:06","modified_gmt":"2022-06-29T17:35:06","slug":"tras-balacera-una-de-las-menores-baleadas-en-fila-de-vacuna-esta-delicada","status":"publish","type":"post","link":"https:\/\/lahora.mx\/index.php\/2022\/06\/29\/tras-balacera-una-de-las-menores-baleadas-en-fila-de-vacuna-esta-delicada\/","title":{"rendered":"Tras balacera una de las menores baleadas en fila de vacuna est\u00e1 delicada"},"content":{"rendered":"\n<p>Una de las menores que result\u00f3 herida durante un ataque directo a un padre de familia en la fila de vacunaci\u00f3n en Puebla capital se encuentra delicada, por lo que este mi\u00e9rcoles la ni\u00f1a de 9 a\u00f1os ingresar\u00e1 a quir\u00f3fano para que se le retire la bala que la alcanz\u00f3, mientras que el otro ni\u00f1o herido ser\u00eda dado de alta el jueves.<\/p>\n\n\n\n<p>El secretario de Salud estatal, Jos\u00e9 Antonio Mart\u00ednez Garc\u00eda, inform\u00f3 que la ni\u00f1a de 9 a\u00f1os se encuentra internada en el Hospital para el Ni\u00f1o Poblano.<br>Adem\u00e1s, dijo que el ni\u00f1o de 10 a\u00f1os a\u00fan est\u00e1 en vigilancia, pero lo m\u00e1s seguro es que salga ma\u00f1ana 30 de junio.<br>Respecto a los adultos lesionados, refiri\u00f3 que uno de ellos, que fue alcanzado en el f\u00e9mur, fue dado de alta el mismo martes del Hospital de Traumatolog\u00eda y Ortopedia, mientras que el otro, quien ser\u00eda \u201cLa Zorra\u201d y supuesto sujeto que fueron a ejecutar, est\u00e1 en un hospital privado, donde sigue internado y aunque se reporta delicado, est\u00e1 fuera de peligro, por lo que saldr\u00eda en las pr\u00f3ximas horas.<\/p>\n","protected":false},"excerpt":{"rendered":"<p>Una de las menores que result\u00f3 herida durante un ataque directo a un padre de familia en la fila de vacunaci\u00f3n en Puebla capital se encuentra delicada, por lo que este mi\u00e9rcoles la ni\u00f1a de 9 a\u00f1os ingresar\u00e1 a quir\u00f3fano para que se le retire la bala que la alcanz\u00f3, mientras que el otro ni\u00f1o [&hellip;]<\/p>\n","protected":false},"author":4,"featured_media":9014,"comment_status":"open","ping_status":"open","sticky":false,"template":"","format":"standard","meta":{"om_disable_all_campaigns":false,"_monsterinsights_skip_tracking":false,"_monsterinsights_sitenote_active":false,"_monsterinsights_sitenote_note":"","_monsterinsights_sitenote_category":0,"footnotes":""},"categories":[175],"tags":[195,223],"class_list":["post-9013","post","type-post","status-publish","format-standard","has-post-thumbnail","hentry","category-local","tag-principal","tag-puebla"],"amp_enabled":true,"_links":{"self":[{"href":"https:\/\/lahora.mx\/index.php\/wp-json\/wp\/v2\/posts\/9013","targetHints":{"allow":["GET"]}}],"collection":[{"href":"https:\/\/lahora.mx\/index.php\/wp-json\/wp\/v2\/posts"}],"about":[{"href":"https:\/\/lahora.mx\/index.php\/wp-json\/wp\/v2\/types\/post"}],"author":[{"embeddable":true,"href":"https:\/\/lahora.mx\/index.php\/wp-json\/wp\/v2\/users\/4"}],"replies":[{"embeddable":true,"href":"https:\/\/lahora.mx\/index.php\/wp-json\/wp\/v2\/comments?post=9013"}],"version-history":[{"count":1,"href":"https:\/\/lahora.mx\/index.php\/wp-json\/wp\/v2\/posts\/9013\/revisions"}],"predecessor-version":[{"id":9015,"href":"https:\/\/lahora.mx\/index.php\/wp-json\/wp\/v2\/posts\/9013\/revisions\/9015"}],"wp:featuredmedia":[{"embeddable":true,"href":"https:\/\/lahora.mx\/index.php\/wp-json\/wp\/v2\/media\/9014"}],"wp:attachment":[{"href":"https:\/\/lahora.mx\/index.php\/wp-json\/wp\/v2\/media?parent=9013"}],"wp:term":[{"taxonomy":"category","embeddable":true,"href":"https:\/\/lahora.mx\/index.php\/wp-json\/wp\/v2\/categories?post=9013"},{"taxonomy":"post_tag","embeddable":true,"href":"https:\/\/lahora.mx\/index.php\/wp-json\/wp\/v2\/tags?post=9013"}],"curies":[{"name":"wp","href":"https:\/\/api.w.org\/{rel}","templated":true}]}}