{"id":9010,"date":"2022-06-29T17:32:09","date_gmt":"2022-06-29T17:32:09","guid":{"rendered":"http:\/\/lahora.mx\/?p=9010"},"modified":"2022-06-29T17:32:09","modified_gmt":"2022-06-29T17:32:09","slug":"asesinan-a-antonio-de-la-cruz-reportero-de-expreso-en-ciudad-victoria-tambien-muere-su-hija-en-el-ataque","status":"publish","type":"post","link":"https:\/\/lahora.mx\/index.php\/2022\/06\/29\/asesinan-a-antonio-de-la-cruz-reportero-de-expreso-en-ciudad-victoria-tambien-muere-su-hija-en-el-ataque\/","title":{"rendered":"Asesinan a Antonio de la Cruz, reportero de Expreso en Ciudad Victoria; tambi\u00e9n muere su hija en el ataque"},"content":{"rendered":"\n<p>El reportero del peri\u00f3dico Expreso, Antonio de la Cruz fue asesinado esta ma\u00f1ana en Ciudad Victoria, Tamaulipas al salir de su domicilio.<\/p>\n\n\n\n<p>Los datos preliminares indican que en el ataque en la calle Puerta de la Luna, del Fraccionamiento Puerta de Tamat\u00e1n.<br>Jes\u00fas Ram\u00edrez, vocero de Presidencia de la Rep\u00fablica inform\u00f3 que en este ataque tambi\u00e9n falleci\u00f3 la hija del comunicador y su esposa result\u00f3 herida.<\/p>\n\n\n\n<p>Asesinato del periodista Antonio de la Cruz en Tamaulipas no quedar\u00e1 impune: Presidencia<br>Presidencia. Asesinato del periodista Antonio de la Cruz en Tamaulipas no quedar\u00e1 impune<br>El peri\u00f3dico Expreso inform\u00f3 en su sitio de internet que \u201cante este hecho de violencia, el Grupo Editorial Expreso-La Raz\u00f3n exige a las autoridades de todos los niveles que se haga justicia\u201d.<br>Pedro Alfonso Garc\u00eda Hern\u00e1ndez, director de Expreso calific\u00f3 el ataque como un atentado a la libertad de expresi\u00f3n.<\/p>\n","protected":false},"excerpt":{"rendered":"<p>El reportero del peri\u00f3dico Expreso, Antonio de la Cruz fue asesinado esta ma\u00f1ana en Ciudad Victoria, Tamaulipas al salir de su domicilio. Los datos preliminares indican que en el ataque en la calle Puerta de la Luna, del Fraccionamiento Puerta de Tamat\u00e1n.Jes\u00fas Ram\u00edrez, vocero de Presidencia de la Rep\u00fablica inform\u00f3 que en este ataque tambi\u00e9n [&hellip;]<\/p>\n","protected":false},"author":4,"featured_media":9011,"comment_status":"open","ping_status":"open","sticky":false,"template":"","format":"standard","meta":{"om_disable_all_campaigns":false,"_monsterinsights_skip_tracking":false,"_monsterinsights_sitenote_active":false,"_monsterinsights_sitenote_note":"","_monsterinsights_sitenote_category":0,"footnotes":""},"categories":[176],"tags":[],"class_list":["post-9010","post","type-post","status-publish","format-standard","has-post-thumbnail","hentry","category-nacional"],"amp_enabled":true,"_links":{"self":[{"href":"https:\/\/lahora.mx\/index.php\/wp-json\/wp\/v2\/posts\/9010","targetHints":{"allow":["GET"]}}],"collection":[{"href":"https:\/\/lahora.mx\/index.php\/wp-json\/wp\/v2\/posts"}],"about":[{"href":"https:\/\/lahora.mx\/index.php\/wp-json\/wp\/v2\/types\/post"}],"author":[{"embeddable":true,"href":"https:\/\/lahora.mx\/index.php\/wp-json\/wp\/v2\/users\/4"}],"replies":[{"embeddable":true,"href":"https:\/\/lahora.mx\/index.php\/wp-json\/wp\/v2\/comments?post=9010"}],"version-history":[{"count":1,"href":"https:\/\/lahora.mx\/index.php\/wp-json\/wp\/v2\/posts\/9010\/revisions"}],"predecessor-version":[{"id":9012,"href":"https:\/\/lahora.mx\/index.php\/wp-json\/wp\/v2\/posts\/9010\/revisions\/9012"}],"wp:featuredmedia":[{"embeddable":true,"href":"https:\/\/lahora.mx\/index.php\/wp-json\/wp\/v2\/media\/9011"}],"wp:attachment":[{"href":"https:\/\/lahora.mx\/index.php\/wp-json\/wp\/v2\/media?parent=9010"}],"wp:term":[{"taxonomy":"category","embeddable":true,"href":"https:\/\/lahora.mx\/index.php\/wp-json\/wp\/v2\/categories?post=9010"},{"taxonomy":"post_tag","embeddable":true,"href":"https:\/\/lahora.mx\/index.php\/wp-json\/wp\/v2\/tags?post=9010"}],"curies":[{"name":"wp","href":"https:\/\/api.w.org\/{rel}","templated":true}]}}