{"id":9007,"date":"2022-06-29T17:28:53","date_gmt":"2022-06-29T17:28:53","guid":{"rendered":"http:\/\/lahora.mx\/?p=9007"},"modified":"2022-06-29T17:28:54","modified_gmt":"2022-06-29T17:28:54","slug":"la-policia-municipal-fue-oportuna-ante-la-balacera","status":"publish","type":"post","link":"https:\/\/lahora.mx\/index.php\/2022\/06\/29\/la-policia-municipal-fue-oportuna-ante-la-balacera\/","title":{"rendered":"La polic\u00eda Municipal fue oportuna ante la balacera"},"content":{"rendered":"\n<p>El alcalde capitalino, Eduardo Rivera P\u00e9rez, conden\u00f3 la balacera que se registr\u00f3 durante la jornada de vacunaci\u00f3n contra covid-19 en el Centro de Salud de la Colonia Francisco I. Madero de la junta auxiliar de San Jer\u00f3nimo Caleras, y recalc\u00f3 que el gobierno de la ciudad actu\u00f3 de manera oportuna, pues la Secretaria de Seguridad Ciudadana (SSC) fue la primera respondiente del caso.<\/p>\n\n\n\n<p>\u201cReprobamos esta situaci\u00f3n de alarma que no merece pasar en Puebla, ni en ninguna parte del pa\u00eds y mucho menos contra los j\u00f3venes y los ni\u00f1os. El gobierno municipal tiene reforzada la presencia en los Centros de Vacunaci\u00f3n, tan es as\u00ed que fuimos los primeros respondientes. Hab\u00eda gente de tr\u00e1nsito que estaba controlando el per\u00edmetro de Francisco I. Madero, hab\u00eda supervisi\u00f3n de la zona por parte de los compa\u00f1eros\u201d, dijo en entrevista.<\/p>\n\n\n\n<p><br>El 28 de junio, mientras la gente esperaba sobre las calles Hidalgo y Francisco Sarabia, a unos metros del bulevar Hermanos Serd\u00e1n, hombres armados llegaron a bordo de una motocicleta y desde lejos dispararon en varias ocasiones contra una persona.<\/p>\n\n\n\n<p>Por lo anterior, el alcalde coment\u00f3 que toda la informaci\u00f3n que tuvieron a su alcance y que fue obtenida en su momento ha sido proporcionada a la Fiscal\u00eda General del Estado (FGE), a fin de que se lleguen hasta sus \u00faltimas consecuencias y el hecho no quede impune.<\/p>\n\n\n\n<p>Rivera P\u00e9rez explic\u00f3 que en el ataque hirieron a dos menores y a un adulto, adem\u00e1s de la persona que iban atacar directamente, identificada como Fernando Flores Garc\u00eda, alias de \u201cLa Zorra\u201d, que no se encontraba formada en la fila de vacunaci\u00f3n, pues los impactos no fueron dirigidos hacia el Centro de Vacunaci\u00f3n.<br>Explic\u00f3 que los dos peque\u00f1os lesionados no est\u00e1n relacionados con la persona que fue atacada sino que la mam\u00e1 se encontraba en la fila y el pap\u00e1 estaba jugando y cuidando a los ni\u00f1os y fueron alcanzados por las balas, resultando heridos.<\/p>\n\n\n\n<p>\u201cToda la informaci\u00f3n -como lo comentamos- ser\u00e1 puesta a disposici\u00f3n de la FGE para que pueda continuar con el proceso de investigaci\u00f3n y detenci\u00f3n del responsable\u201d, declar\u00f3.<\/p>\n\n\n\n<p>Finalmente, recalc\u00f3 que los tres \u00f3rdenes de gobierno tienen la obligaci\u00f3n de seguir trabajando de manera coordinada para combatir la inseguridad que se vive en la ciudad y en el estado por lo que tienen que hacer un mayor esfuerzo para garantizar la seguridad de las y los poblanos y evitar que este tipo de hechos sigan ocurriendo.<\/p>\n","protected":false},"excerpt":{"rendered":"<p>El alcalde capitalino, Eduardo Rivera P\u00e9rez, conden\u00f3 la balacera que se registr\u00f3 durante la jornada de vacunaci\u00f3n contra covid-19 en el Centro de Salud de la Colonia Francisco I. Madero de la junta auxiliar de San Jer\u00f3nimo Caleras, y recalc\u00f3 que el gobierno de la ciudad actu\u00f3 de manera oportuna, pues la Secretaria de Seguridad [&hellip;]<\/p>\n","protected":false},"author":4,"featured_media":9008,"comment_status":"open","ping_status":"open","sticky":false,"template":"","format":"standard","meta":{"om_disable_all_campaigns":false,"_monsterinsights_skip_tracking":false,"_monsterinsights_sitenote_active":false,"_monsterinsights_sitenote_note":"","_monsterinsights_sitenote_category":0,"footnotes":""},"categories":[175],"tags":[],"class_list":["post-9007","post","type-post","status-publish","format-standard","has-post-thumbnail","hentry","category-local"],"amp_enabled":true,"_links":{"self":[{"href":"https:\/\/lahora.mx\/index.php\/wp-json\/wp\/v2\/posts\/9007","targetHints":{"allow":["GET"]}}],"collection":[{"href":"https:\/\/lahora.mx\/index.php\/wp-json\/wp\/v2\/posts"}],"about":[{"href":"https:\/\/lahora.mx\/index.php\/wp-json\/wp\/v2\/types\/post"}],"author":[{"embeddable":true,"href":"https:\/\/lahora.mx\/index.php\/wp-json\/wp\/v2\/users\/4"}],"replies":[{"embeddable":true,"href":"https:\/\/lahora.mx\/index.php\/wp-json\/wp\/v2\/comments?post=9007"}],"version-history":[{"count":1,"href":"https:\/\/lahora.mx\/index.php\/wp-json\/wp\/v2\/posts\/9007\/revisions"}],"predecessor-version":[{"id":9009,"href":"https:\/\/lahora.mx\/index.php\/wp-json\/wp\/v2\/posts\/9007\/revisions\/9009"}],"wp:featuredmedia":[{"embeddable":true,"href":"https:\/\/lahora.mx\/index.php\/wp-json\/wp\/v2\/media\/9008"}],"wp:attachment":[{"href":"https:\/\/lahora.mx\/index.php\/wp-json\/wp\/v2\/media?parent=9007"}],"wp:term":[{"taxonomy":"category","embeddable":true,"href":"https:\/\/lahora.mx\/index.php\/wp-json\/wp\/v2\/categories?post=9007"},{"taxonomy":"post_tag","embeddable":true,"href":"https:\/\/lahora.mx\/index.php\/wp-json\/wp\/v2\/tags?post=9007"}],"curies":[{"name":"wp","href":"https:\/\/api.w.org\/{rel}","templated":true}]}}