{"id":8982,"date":"2022-06-29T14:25:25","date_gmt":"2022-06-29T14:25:25","guid":{"rendered":"http:\/\/lahora.mx\/?p=8982"},"modified":"2022-06-29T14:25:27","modified_gmt":"2022-06-29T14:25:27","slug":"alito-propone-facilitar-a-familias-acceso-a-armas-para-defenderse-de-la-delincuencia","status":"publish","type":"post","link":"https:\/\/lahora.mx\/index.php\/2022\/06\/29\/alito-propone-facilitar-a-familias-acceso-a-armas-para-defenderse-de-la-delincuencia\/","title":{"rendered":"Alito Propone  facilitar a familias acceso a armas para defenderse de la delincuencia"},"content":{"rendered":"\n<p>El presidente del PRI y diputado federal Alejandro Moreno C\u00e1rdenas, propuso que, si el gobierno federal no puede garantizar la seguridad, se permita a la gente portar armas de alto calibre para defenderse de la delincuencia.<\/p>\n\n\n\n<p>En conferencia de prensa, anunci\u00f3 que presentar\u00e1 una iniciativa para modificar la Ley de Armas de Fuego, con el fin de facilitar a las familias mexicanas el acceso de armas de mayor calibre para que puedan proteger su vida, su casa y su patrimonio.<\/p>\n\n\n\n<p>El dirigente tricolor afirm\u00f3 que es momento de que los ciudadanos puedan defender su vivienda, su negocio, su cuadra, su colonia y su familia, \u201cporque los est\u00e1n asesinando de manera impune\u201d.<\/p>\n\n\n\n<p>\u201cSe trata de que, a falta de Estado, y de que no hay Estado que cuide a los mexicanos, los delincuentes sepan que la gente se va a poder defender. Se tiene que acabar el estatus de depredadores impunes que tienen en cientos de ciudades, que tienen a las familias mexicanas en la zozobra\u201d, advirti\u00f3.<\/p>\n\n\n\n<p>Moreno C\u00e1rdenas se\u00f1al\u00f3 que su propuesta va a generar un debate positivo, porque esta iniciativa hay discutirla y analizarla de fondo, ya que \u201cno podemos permitir\u201d ni dejar morir cada d\u00eda a cientos de mexicanos a manos de la delincuencia.<\/p>\n\n\n\n<p>Justific\u00f3 su propuesta al subrayar que la gente est\u00e1 indefensa, \u201cllegan a las casas, llegan a los negocios y asesinan a mujeres, a hombres, a mexicanos, que no pueden defenderse porque no hay un debido control y registro para que puedan tener esa disposici\u00f3n\u201d.<\/p>\n\n\n\n<p>Por ello, detall\u00f3 que su iniciativa establece que, para acceder a las armas, se tendr\u00e1 que pasar por algunos controles de confianza, a falta de que un Estado mexicano que garantice la seguridad a las familias.<\/p>\n\n\n\n<p>Alejandro Moreno anunci\u00f3 que tambi\u00e9n presentar\u00e1 una propuesta de ley para que, a partir de cierto grado, los integrantes de las fuerzas armadas, la Guardia Nacional, el Ej\u00e9rcito, la Fuerza A\u00e9rea y la Marina, puedan llevarse sus armas de cargo a sus casas y cuando est\u00e9n francos puedan tambi\u00e9n defenderse y hacerle frente a la delincuencia.<\/p>\n\n\n\n<p>\u201cSabemos que muchos militares, y lo quiero decir con mucho orgullo, en cada marino, en cada piloto y en cada soldado hay un mexicano dispuesto a dar su vida por su pa\u00eds y por su gente.<\/p>\n\n\n\n<p>Sabemos que muchos militares luego son secuestrados y asesinados en su tiempo franco. Los esperan, los siguen y capturan por hacer su trabajo. As\u00ed que queremos que est\u00e9n armados de manera permanente, como pasa en la mayor\u00eda de las fuerzas armadas y polic\u00edas del mundo. Para cuidarlos y que nos puedan cuidar\u201d, expres\u00f3.<\/p>\n\n\n\n<p>Dulce Mar\u00eda Sauri rechaza propuesta<br>Tras la propuesta de Alejandro Moreno, la expresidenta del PRI, Dulce Mar\u00eda Sauri, rechaz\u00f3 el que se reforme la Ley de Armas de Fuego para que familias tengan acceso a armas de grueso calibre.<\/p>\n\n\n\n<p>A trav\u00e9s de Twitter expres\u00f3 su rechazo a la propuesta, por lo que exigi\u00f3 al Estado cumplir y garantizar la seguridad.<\/p>\n","protected":false},"excerpt":{"rendered":"<p>El presidente del PRI y diputado federal Alejandro Moreno C\u00e1rdenas, propuso que, si el gobierno federal no puede garantizar la seguridad, se permita a la gente portar armas de alto calibre para defenderse de la delincuencia. En conferencia de prensa, anunci\u00f3 que presentar\u00e1 una iniciativa para modificar la Ley de Armas de Fuego, con el [&hellip;]<\/p>\n","protected":false},"author":4,"featured_media":8983,"comment_status":"open","ping_status":"open","sticky":false,"template":"","format":"standard","meta":{"om_disable_all_campaigns":false,"_monsterinsights_skip_tracking":false,"_monsterinsights_sitenote_active":false,"_monsterinsights_sitenote_note":"","_monsterinsights_sitenote_category":0,"footnotes":""},"categories":[176],"tags":[195],"class_list":["post-8982","post","type-post","status-publish","format-standard","has-post-thumbnail","hentry","category-nacional","tag-principal"],"amp_enabled":true,"_links":{"self":[{"href":"https:\/\/lahora.mx\/index.php\/wp-json\/wp\/v2\/posts\/8982","targetHints":{"allow":["GET"]}}],"collection":[{"href":"https:\/\/lahora.mx\/index.php\/wp-json\/wp\/v2\/posts"}],"about":[{"href":"https:\/\/lahora.mx\/index.php\/wp-json\/wp\/v2\/types\/post"}],"author":[{"embeddable":true,"href":"https:\/\/lahora.mx\/index.php\/wp-json\/wp\/v2\/users\/4"}],"replies":[{"embeddable":true,"href":"https:\/\/lahora.mx\/index.php\/wp-json\/wp\/v2\/comments?post=8982"}],"version-history":[{"count":1,"href":"https:\/\/lahora.mx\/index.php\/wp-json\/wp\/v2\/posts\/8982\/revisions"}],"predecessor-version":[{"id":8984,"href":"https:\/\/lahora.mx\/index.php\/wp-json\/wp\/v2\/posts\/8982\/revisions\/8984"}],"wp:featuredmedia":[{"embeddable":true,"href":"https:\/\/lahora.mx\/index.php\/wp-json\/wp\/v2\/media\/8983"}],"wp:attachment":[{"href":"https:\/\/lahora.mx\/index.php\/wp-json\/wp\/v2\/media?parent=8982"}],"wp:term":[{"taxonomy":"category","embeddable":true,"href":"https:\/\/lahora.mx\/index.php\/wp-json\/wp\/v2\/categories?post=8982"},{"taxonomy":"post_tag","embeddable":true,"href":"https:\/\/lahora.mx\/index.php\/wp-json\/wp\/v2\/tags?post=8982"}],"curies":[{"name":"wp","href":"https:\/\/api.w.org\/{rel}","templated":true}]}}