{"id":8936,"date":"2022-06-28T15:50:12","date_gmt":"2022-06-28T15:50:12","guid":{"rendered":"http:\/\/lahora.mx\/?p=8936"},"modified":"2022-06-28T15:50:13","modified_gmt":"2022-06-28T15:50:13","slug":"se-anuncia-vacunacion-para-zona-conurbada-de-puebla","status":"publish","type":"post","link":"https:\/\/lahora.mx\/index.php\/2022\/06\/28\/se-anuncia-vacunacion-para-zona-conurbada-de-puebla\/","title":{"rendered":"Se anuncia vacunaci\u00f3n para zona conurbada de Puebla"},"content":{"rendered":"\n<p>Estos d\u00edas llegar\u00edan a Puebla otras 100 mil vacunas contra covid-19, por lo que a m\u00e1s tardar la otra semana se estar\u00edan aplicando a ni\u00f1os y ni\u00f1as de 5 a 11 a\u00f1os en la zona conurbada de la capital, inform\u00f3 el secretario de Salud estatal, Jos\u00e9 Antonio Mart\u00ednez Garc\u00eda.<\/p>\n\n\n\n<p>La ma\u00f1ana de este martes, en rueda de prensa, indic\u00f3 que para inocular a menores en la ciudad de Puebla arribaron 110 mil dosis de la marca Pfizer.<\/p>\n\n\n\n<p>Adem\u00e1s, record\u00f3 que este martes inici\u00f3 la aplicaci\u00f3n del biol\u00f3gico en la capital, para lo que se cuenta con cuatro centros de vacunaci\u00f3n.<\/p>\n\n\n\n<p><br>El funcionario estatal refiri\u00f3 que \u00fanicamente el 20 por ciento de menores presenta s\u00edntomas tras los cuales van desde dolor de cabeza y de cuerpo, hasta fiebre<\/p>\n\n\n\n<p>Sin embargo, se\u00f1al\u00f3 que solamente duran, a lo mucho, un d\u00eda, por lo que en caso de seguir as\u00ed por m\u00e1s de 48 horas se debe llevar al menor a un m\u00e9dico.<\/p>\n\n\n\n<p>Respecto a los contagios de covid-19, Mart\u00ednez Garc\u00eda dijo que Puebla sum\u00f3 84 nuevos, adem\u00e1s de que hay 2 mil 204 activos en 52 municipios.<\/p>\n\n\n\n<p>Agreg\u00f3 que va otro d\u00eda sin reportar defunciones y aunque hay 21 hospitalizados, ninguno de ellos requiere ventilaci\u00f3n mec\u00e1nica asistida.<\/p>\n","protected":false},"excerpt":{"rendered":"<p>Estos d\u00edas llegar\u00edan a Puebla otras 100 mil vacunas contra covid-19, por lo que a m\u00e1s tardar la otra semana se estar\u00edan aplicando a ni\u00f1os y ni\u00f1as de 5 a 11 a\u00f1os en la zona conurbada de la capital, inform\u00f3 el secretario de Salud estatal, Jos\u00e9 Antonio Mart\u00ednez Garc\u00eda. La ma\u00f1ana de este martes, en [&hellip;]<\/p>\n","protected":false},"author":4,"featured_media":8937,"comment_status":"open","ping_status":"open","sticky":false,"template":"","format":"standard","meta":{"om_disable_all_campaigns":false,"_monsterinsights_skip_tracking":false,"_monsterinsights_sitenote_active":false,"_monsterinsights_sitenote_note":"","_monsterinsights_sitenote_category":0,"footnotes":""},"categories":[175],"tags":[195,223],"class_list":["post-8936","post","type-post","status-publish","format-standard","has-post-thumbnail","hentry","category-local","tag-principal","tag-puebla"],"amp_enabled":true,"_links":{"self":[{"href":"https:\/\/lahora.mx\/index.php\/wp-json\/wp\/v2\/posts\/8936","targetHints":{"allow":["GET"]}}],"collection":[{"href":"https:\/\/lahora.mx\/index.php\/wp-json\/wp\/v2\/posts"}],"about":[{"href":"https:\/\/lahora.mx\/index.php\/wp-json\/wp\/v2\/types\/post"}],"author":[{"embeddable":true,"href":"https:\/\/lahora.mx\/index.php\/wp-json\/wp\/v2\/users\/4"}],"replies":[{"embeddable":true,"href":"https:\/\/lahora.mx\/index.php\/wp-json\/wp\/v2\/comments?post=8936"}],"version-history":[{"count":1,"href":"https:\/\/lahora.mx\/index.php\/wp-json\/wp\/v2\/posts\/8936\/revisions"}],"predecessor-version":[{"id":8938,"href":"https:\/\/lahora.mx\/index.php\/wp-json\/wp\/v2\/posts\/8936\/revisions\/8938"}],"wp:featuredmedia":[{"embeddable":true,"href":"https:\/\/lahora.mx\/index.php\/wp-json\/wp\/v2\/media\/8937"}],"wp:attachment":[{"href":"https:\/\/lahora.mx\/index.php\/wp-json\/wp\/v2\/media?parent=8936"}],"wp:term":[{"taxonomy":"category","embeddable":true,"href":"https:\/\/lahora.mx\/index.php\/wp-json\/wp\/v2\/categories?post=8936"},{"taxonomy":"post_tag","embeddable":true,"href":"https:\/\/lahora.mx\/index.php\/wp-json\/wp\/v2\/tags?post=8936"}],"curies":[{"name":"wp","href":"https:\/\/api.w.org\/{rel}","templated":true}]}}