{"id":889,"date":"2021-12-22T14:29:39","date_gmt":"2021-12-22T14:29:39","guid":{"rendered":"http:\/\/lahora.mx\/?p=889"},"modified":"2021-12-22T15:27:17","modified_gmt":"2021-12-22T15:27:17","slug":"para-maestros-y-personal-de-salud-anuncian-tercera-dosis-covid-19","status":"publish","type":"post","link":"https:\/\/lahora.mx\/index.php\/2021\/12\/22\/para-maestros-y-personal-de-salud-anuncian-tercera-dosis-covid-19\/","title":{"rendered":"Para maestros y personal de salud Anuncian tercera dosis Covid-19"},"content":{"rendered":"<p>En conferencia de prensa matutina\u00a0 el presidente Andr\u00e9s Manuel L\u00f3pez anuncio que se aplicara la 3era dosis contra el Covid-19<br \/>\npara maestros\u00a0 y personal de saludo.<br \/>\nEl titular del Ejecutiva federal no detall\u00f3 la fecha en que iniciar\u00e1 la aplicaci\u00f3n de esta vacuna.<br \/>\n\u201cNo hemos parado de vacunar a adultos mayores, va bien el avance, ya pr\u00e1cticamente terminamos en la Ciudad de M\u00e9xico y as\u00ed en otros estados. Vamos a seguir \u00a0avanzando y al terminar aqu\u00ed en la Ciudad por ejemplo, ya vamos por refuerzo a personal de salud y maestros\u201d, respondi\u00f3<\/p>\n","protected":false},"excerpt":{"rendered":"<p>En conferencia de prensa matutina\u00a0 el presidente Andr\u00e9s Manuel L\u00f3pez anuncio que se aplicara la 3era dosis contra el Covid-19 para maestros\u00a0 y personal de saludo. El titular del Ejecutiva federal no detall\u00f3 la fecha en que iniciar\u00e1 la aplicaci\u00f3n de esta vacuna. \u201cNo hemos parado de vacunar a adultos mayores, va bien el avance, [&hellip;]<\/p>\n","protected":false},"author":4,"featured_media":890,"comment_status":"open","ping_status":"open","sticky":false,"template":"","format":"standard","meta":{"om_disable_all_campaigns":false,"_monsterinsights_skip_tracking":false,"_monsterinsights_sitenote_active":false,"_monsterinsights_sitenote_note":"","_monsterinsights_sitenote_category":0,"footnotes":""},"categories":[176],"tags":[195],"class_list":["post-889","post","type-post","status-publish","format-standard","has-post-thumbnail","hentry","category-nacional","tag-principal"],"amp_enabled":true,"_links":{"self":[{"href":"https:\/\/lahora.mx\/index.php\/wp-json\/wp\/v2\/posts\/889","targetHints":{"allow":["GET"]}}],"collection":[{"href":"https:\/\/lahora.mx\/index.php\/wp-json\/wp\/v2\/posts"}],"about":[{"href":"https:\/\/lahora.mx\/index.php\/wp-json\/wp\/v2\/types\/post"}],"author":[{"embeddable":true,"href":"https:\/\/lahora.mx\/index.php\/wp-json\/wp\/v2\/users\/4"}],"replies":[{"embeddable":true,"href":"https:\/\/lahora.mx\/index.php\/wp-json\/wp\/v2\/comments?post=889"}],"version-history":[{"count":1,"href":"https:\/\/lahora.mx\/index.php\/wp-json\/wp\/v2\/posts\/889\/revisions"}],"predecessor-version":[{"id":891,"href":"https:\/\/lahora.mx\/index.php\/wp-json\/wp\/v2\/posts\/889\/revisions\/891"}],"wp:featuredmedia":[{"embeddable":true,"href":"https:\/\/lahora.mx\/index.php\/wp-json\/wp\/v2\/media\/890"}],"wp:attachment":[{"href":"https:\/\/lahora.mx\/index.php\/wp-json\/wp\/v2\/media?parent=889"}],"wp:term":[{"taxonomy":"category","embeddable":true,"href":"https:\/\/lahora.mx\/index.php\/wp-json\/wp\/v2\/categories?post=889"},{"taxonomy":"post_tag","embeddable":true,"href":"https:\/\/lahora.mx\/index.php\/wp-json\/wp\/v2\/tags?post=889"}],"curies":[{"name":"wp","href":"https:\/\/api.w.org\/{rel}","templated":true}]}}