{"id":8870,"date":"2022-06-27T15:42:44","date_gmt":"2022-06-27T15:42:44","guid":{"rendered":"http:\/\/lahora.mx\/?p=8870"},"modified":"2022-06-27T15:43:12","modified_gmt":"2022-06-27T15:43:12","slug":"muestro-mejoria-y-deja-silla-de-ruedas-papa-francisco","status":"publish","type":"post","link":"https:\/\/lahora.mx\/index.php\/2022\/06\/27\/muestro-mejoria-y-deja-silla-de-ruedas-papa-francisco\/","title":{"rendered":"Muestro mejor\u00eda y deja silla de ruedas: Papa Francisco"},"content":{"rendered":"\n<p>En vez de usar la silla de ruedas, el papa Francisco apareci\u00f3 este lunes en el Aula Pablo VI caminando con ayuda de un bast\u00f3n, mostrando signos de mejor\u00eda de sus problemas de rodilla, inform\u00f3 la agencia Rome Reports.<br><\/p>\n\n\n\n<p>El pont\u00edfice logr\u00f3 andar por s\u00ed solo, sin necesitar apoyo de sus colaboradores -como ven\u00eda sucediendo en las \u00faltimas semanas-, durante una reuni\u00f3n con miembros del Camino Neocatecumenal, aunque el Vaticano no ofreci\u00f3 una actualizaci\u00f3n sobre su estado de salud.<\/p>\n\n\n\n<p>Desde principios de mayo, Francisco, de 85 a\u00f1os, estuvo recurriendo a una silla de ruedas para sus actos p\u00fablicos, debilitado por un fuerte dolor en su rodilla derecha.<\/p>\n\n\n\n<p>Para aliviarlo, recibe regularmente inyecciones y sesiones de fisioterapia, seg\u00fan el Vaticano, que mantiene un perfil bajo sobre su salud.<br><\/p>\n\n\n\n<p>El tratamiento \u00absigue su curso y est\u00e1 dando sus frutos\u00bb, asegur\u00f3 recientemente una fuente del Vaticano.<\/p>\n\n\n\n<p>A inicios de junio, Francisco cancel\u00f3 su visita a Rep\u00fablica Democr\u00e1tica del Congo (RDC) y Sud\u00e1n del Sur debido a sus malestares en la rodilla.<\/p>\n\n\n\n<p>Tambi\u00e9n suspendi\u00f3 otros actos, lo que ha acrecentado los rumores sobre su salud, y sobre su propio futuro como jefe de la Iglesia cat\u00f3lica.<\/p>\n\n\n\n<p>Sin embargo, el Papa mantuvo en pie su viaje en julio a Canad\u00e1, donde pedir\u00e1 disculpas por los abusos y violencias cometidos en internados cat\u00f3licos contra pupilos de poblaciones aut\u00f3ctonas.<\/p>\n\n\n\n<p>El viaje a Canad\u00e1, del 24 al 30 de julio, supone un importante paso para tratar el tema de los abusos sexuales a ni\u00f1os por parte de religiosos, y del encubrimiento de \u00e9stos durante d\u00e9cadas.<\/p>\n","protected":false},"excerpt":{"rendered":"<p>En vez de usar la silla de ruedas, el papa Francisco apareci\u00f3 este lunes en el Aula Pablo VI caminando con ayuda de un bast\u00f3n, mostrando signos de mejor\u00eda de sus problemas de rodilla, inform\u00f3 la agencia Rome Reports. El pont\u00edfice logr\u00f3 andar por s\u00ed solo, sin necesitar apoyo de sus colaboradores -como ven\u00eda sucediendo [&hellip;]<\/p>\n","protected":false},"author":4,"featured_media":8872,"comment_status":"open","ping_status":"open","sticky":false,"template":"","format":"standard","meta":{"om_disable_all_campaigns":false,"_monsterinsights_skip_tracking":false,"_monsterinsights_sitenote_active":false,"_monsterinsights_sitenote_note":"","_monsterinsights_sitenote_category":0,"footnotes":""},"categories":[176],"tags":[],"class_list":["post-8870","post","type-post","status-publish","format-standard","has-post-thumbnail","hentry","category-nacional"],"amp_enabled":true,"_links":{"self":[{"href":"https:\/\/lahora.mx\/index.php\/wp-json\/wp\/v2\/posts\/8870","targetHints":{"allow":["GET"]}}],"collection":[{"href":"https:\/\/lahora.mx\/index.php\/wp-json\/wp\/v2\/posts"}],"about":[{"href":"https:\/\/lahora.mx\/index.php\/wp-json\/wp\/v2\/types\/post"}],"author":[{"embeddable":true,"href":"https:\/\/lahora.mx\/index.php\/wp-json\/wp\/v2\/users\/4"}],"replies":[{"embeddable":true,"href":"https:\/\/lahora.mx\/index.php\/wp-json\/wp\/v2\/comments?post=8870"}],"version-history":[{"count":1,"href":"https:\/\/lahora.mx\/index.php\/wp-json\/wp\/v2\/posts\/8870\/revisions"}],"predecessor-version":[{"id":8873,"href":"https:\/\/lahora.mx\/index.php\/wp-json\/wp\/v2\/posts\/8870\/revisions\/8873"}],"wp:featuredmedia":[{"embeddable":true,"href":"https:\/\/lahora.mx\/index.php\/wp-json\/wp\/v2\/media\/8872"}],"wp:attachment":[{"href":"https:\/\/lahora.mx\/index.php\/wp-json\/wp\/v2\/media?parent=8870"}],"wp:term":[{"taxonomy":"category","embeddable":true,"href":"https:\/\/lahora.mx\/index.php\/wp-json\/wp\/v2\/categories?post=8870"},{"taxonomy":"post_tag","embeddable":true,"href":"https:\/\/lahora.mx\/index.php\/wp-json\/wp\/v2\/tags?post=8870"}],"curies":[{"name":"wp","href":"https:\/\/api.w.org\/{rel}","templated":true}]}}