{"id":8866,"date":"2022-06-27T15:39:14","date_gmt":"2022-06-27T15:39:14","guid":{"rendered":"http:\/\/lahora.mx\/?p=8866"},"modified":"2022-06-27T15:39:14","modified_gmt":"2022-06-27T15:39:14","slug":"el-presidente-amlo-plantea-eliminar-presentacion-de-constancia-de-situacion-fiscal-si-solo-complica-las-cosas","status":"publish","type":"post","link":"https:\/\/lahora.mx\/index.php\/2022\/06\/27\/el-presidente-amlo-plantea-eliminar-presentacion-de-constancia-de-situacion-fiscal-si-solo-complica-las-cosas\/","title":{"rendered":"El presidente AMLO plantea eliminar presentaci\u00f3n de constancia de situaci\u00f3n fiscal \u00absi solo complica las cosas\u00bb"},"content":{"rendered":"\n<p>Ante las dificultades que he generado para los contribuyentes el tr\u00e1mite de presentar la constancia de situaci\u00f3n fiscal, el presidente Andr\u00e9s Manuel Lopez Obrador plante\u00f3 que el Sistema de Administraci\u00f3n Tributaria (SAT) elimine ese requisito, si en lugar de facilitar las cosas, las complica.<\/p>\n\n\n\n<p>En su conferencia de prensa matutina, el mandatario dijo que solicitar\u00e1 a la titular del SAT, Raquel Buenrostro, que informe sobre el tema, porque la instrucci\u00f3n que tienen los funcionarios hacendarios es simplificar los tr\u00e1mites.<br>\u201cQue venga Raquel y que adem\u00e1s nos informe sobre c\u00f3mo va la recaudaci\u00f3n y por qu\u00e9 tomaron esta decisi\u00f3n, porque el prop\u00f3sito es simplificar. A lo mejor es que hab\u00eda fugas y no se est\u00e1 permitiendo la evasi\u00f3n fiscal, pero ella no los explica y si s\u00f3lo complica las cosas a los contribuyentes, pues que se quite. Hay que darle facilidades a los contribuyentes sobre todo a los peque\u00f1os, medianos, a todos\u201d, puntualiz\u00f3.<\/p>\n\n\n\n<p>El presidente Lopez Obrador record\u00f3 que el problema de la evasi\u00f3n estaba arriba, incluso legalizado. \u201cLos de arriba no pagaban, ten\u00edan ese privilegio, y eso ya se termin\u00f3. Entonces hay que dar facilidad a todos para que cumplan, que contribuyan\u201d.<\/p>\n\n\n\n<p>El mandatario asegur\u00f3 que el SAT, que est\u00e1 a punto de cumplir un aniversario m\u00e1s de su creaci\u00f3n, y es distinto al que hab\u00eda en administraciones pasadas.<br><\/p>\n","protected":false},"excerpt":{"rendered":"<p>Ante las dificultades que he generado para los contribuyentes el tr\u00e1mite de presentar la constancia de situaci\u00f3n fiscal, el presidente Andr\u00e9s Manuel Lopez Obrador plante\u00f3 que el Sistema de Administraci\u00f3n Tributaria (SAT) elimine ese requisito, si en lugar de facilitar las cosas, las complica. En su conferencia de prensa matutina, el mandatario dijo que solicitar\u00e1 [&hellip;]<\/p>\n","protected":false},"author":4,"featured_media":8867,"comment_status":"open","ping_status":"open","sticky":false,"template":"","format":"standard","meta":{"om_disable_all_campaigns":false,"_monsterinsights_skip_tracking":false,"_monsterinsights_sitenote_active":false,"_monsterinsights_sitenote_note":"","_monsterinsights_sitenote_category":0,"footnotes":""},"categories":[176],"tags":[195],"class_list":["post-8866","post","type-post","status-publish","format-standard","has-post-thumbnail","hentry","category-nacional","tag-principal"],"amp_enabled":true,"_links":{"self":[{"href":"https:\/\/lahora.mx\/index.php\/wp-json\/wp\/v2\/posts\/8866","targetHints":{"allow":["GET"]}}],"collection":[{"href":"https:\/\/lahora.mx\/index.php\/wp-json\/wp\/v2\/posts"}],"about":[{"href":"https:\/\/lahora.mx\/index.php\/wp-json\/wp\/v2\/types\/post"}],"author":[{"embeddable":true,"href":"https:\/\/lahora.mx\/index.php\/wp-json\/wp\/v2\/users\/4"}],"replies":[{"embeddable":true,"href":"https:\/\/lahora.mx\/index.php\/wp-json\/wp\/v2\/comments?post=8866"}],"version-history":[{"count":1,"href":"https:\/\/lahora.mx\/index.php\/wp-json\/wp\/v2\/posts\/8866\/revisions"}],"predecessor-version":[{"id":8868,"href":"https:\/\/lahora.mx\/index.php\/wp-json\/wp\/v2\/posts\/8866\/revisions\/8868"}],"wp:featuredmedia":[{"embeddable":true,"href":"https:\/\/lahora.mx\/index.php\/wp-json\/wp\/v2\/media\/8867"}],"wp:attachment":[{"href":"https:\/\/lahora.mx\/index.php\/wp-json\/wp\/v2\/media?parent=8866"}],"wp:term":[{"taxonomy":"category","embeddable":true,"href":"https:\/\/lahora.mx\/index.php\/wp-json\/wp\/v2\/categories?post=8866"},{"taxonomy":"post_tag","embeddable":true,"href":"https:\/\/lahora.mx\/index.php\/wp-json\/wp\/v2\/tags?post=8866"}],"curies":[{"name":"wp","href":"https:\/\/api.w.org\/{rel}","templated":true}]}}