{"id":8845,"date":"2022-06-27T04:32:33","date_gmt":"2022-06-27T04:32:33","guid":{"rendered":"http:\/\/lahora.mx\/?p=8845"},"modified":"2022-06-27T04:32:34","modified_gmt":"2022-06-27T04:32:34","slug":"asesinan-a-seis-elementos-de-fuerza-civil-en-nuevo-leon","status":"publish","type":"post","link":"https:\/\/lahora.mx\/index.php\/2022\/06\/27\/asesinan-a-seis-elementos-de-fuerza-civil-en-nuevo-leon\/","title":{"rendered":"Asesinan a seis elementos de Fuerza Civil en Nuevo Le\u00f3n"},"content":{"rendered":"\n<p>En el tramo de Lampazos a Colombia, en Nuevo Le\u00f3n, seis elementos de la Fuerza Civil murieron en una emboscada por parte de sujetos armados que viajaban en un convoy de camionetas blindadas.<\/p>\n\n\n\n<p>Por medio de un comunicado, la dependencia detall\u00f3 que los hechos se registraron la madrugada de este domingo, alrededor de las 3:00 h, cuando los agentes repelieron la agresi\u00f3n.<\/p>\n\n\n\n<p>Por este hecho, cuatro agentes m\u00e1s resultaron lesionados.<\/p>\n\n\n\n<p>La Secretar\u00eda de Seguridad y Fuerza Civil manifestaron su compromiso de apoyar a las familias de los afectados. (Con informaci\u00f3n de L\u00f3pez-D\u00f3riga Digital)<\/p>\n","protected":false},"excerpt":{"rendered":"<p>En el tramo de Lampazos a Colombia, en Nuevo Le\u00f3n, seis elementos de la Fuerza Civil murieron en una emboscada por parte de sujetos armados que viajaban en un convoy de camionetas blindadas. Por medio de un comunicado, la dependencia detall\u00f3 que los hechos se registraron la madrugada de este domingo, alrededor de las 3:00 [&hellip;]<\/p>\n","protected":false},"author":4,"featured_media":8846,"comment_status":"open","ping_status":"open","sticky":false,"template":"","format":"standard","meta":{"om_disable_all_campaigns":false,"_monsterinsights_skip_tracking":false,"_monsterinsights_sitenote_active":false,"_monsterinsights_sitenote_note":"","_monsterinsights_sitenote_category":0,"footnotes":""},"categories":[176],"tags":[],"class_list":["post-8845","post","type-post","status-publish","format-standard","has-post-thumbnail","hentry","category-nacional"],"amp_enabled":true,"_links":{"self":[{"href":"https:\/\/lahora.mx\/index.php\/wp-json\/wp\/v2\/posts\/8845","targetHints":{"allow":["GET"]}}],"collection":[{"href":"https:\/\/lahora.mx\/index.php\/wp-json\/wp\/v2\/posts"}],"about":[{"href":"https:\/\/lahora.mx\/index.php\/wp-json\/wp\/v2\/types\/post"}],"author":[{"embeddable":true,"href":"https:\/\/lahora.mx\/index.php\/wp-json\/wp\/v2\/users\/4"}],"replies":[{"embeddable":true,"href":"https:\/\/lahora.mx\/index.php\/wp-json\/wp\/v2\/comments?post=8845"}],"version-history":[{"count":1,"href":"https:\/\/lahora.mx\/index.php\/wp-json\/wp\/v2\/posts\/8845\/revisions"}],"predecessor-version":[{"id":8847,"href":"https:\/\/lahora.mx\/index.php\/wp-json\/wp\/v2\/posts\/8845\/revisions\/8847"}],"wp:featuredmedia":[{"embeddable":true,"href":"https:\/\/lahora.mx\/index.php\/wp-json\/wp\/v2\/media\/8846"}],"wp:attachment":[{"href":"https:\/\/lahora.mx\/index.php\/wp-json\/wp\/v2\/media?parent=8845"}],"wp:term":[{"taxonomy":"category","embeddable":true,"href":"https:\/\/lahora.mx\/index.php\/wp-json\/wp\/v2\/categories?post=8845"},{"taxonomy":"post_tag","embeddable":true,"href":"https:\/\/lahora.mx\/index.php\/wp-json\/wp\/v2\/tags?post=8845"}],"curies":[{"name":"wp","href":"https:\/\/api.w.org\/{rel}","templated":true}]}}