{"id":8838,"date":"2022-06-27T04:28:19","date_gmt":"2022-06-27T04:28:19","guid":{"rendered":"http:\/\/lahora.mx\/?p=8838"},"modified":"2022-06-27T04:28:20","modified_gmt":"2022-06-27T04:28:20","slug":"se-reportan-5883-contagios-y-4-muertes-en-un-dia-por-covid-19-en-mexico","status":"publish","type":"post","link":"https:\/\/lahora.mx\/index.php\/2022\/06\/27\/se-reportan-5883-contagios-y-4-muertes-en-un-dia-por-covid-19-en-mexico\/","title":{"rendered":"Se reportan 5,883 contagios y 4 muertes en un d\u00eda por COVID-19 en M\u00e9xico"},"content":{"rendered":"\n<p>En las \u00faltimas 24 horas, M\u00e9xico registr\u00f3 5 mil 883 contagios y 4 muertes por COVID-19.<\/p>\n\n\n\n<p>De acuerdo con el informe t\u00e9cnico de la Secretar\u00eda de Salud, al corte de este domingo 26 de junio, el pa\u00eds acumula 5 millones 962 mil 615 casos positivos y 325 mil 580 defunciones por COVID-19.<\/p>\n\n\n\n<p>La dependencia detall\u00f3 que, hasta este d\u00eda, se tienen detectados 111 mil 314 casos activos de COVID-19, mismos que se encuentran de manera predominante en las siguientes entidades: Ciudad de M\u00e9xico, Baja California Sur, Quintana Roo, Sinaloa, Yucat\u00e1n, Nuevo Le\u00f3n, Colima, San Luis Potos\u00ed, Campeche y Quer\u00e9taro.<\/p>\n\n\n\n<p>Esta fin de semana, M\u00e9xico rebas\u00f3 los 100 mil casos activos de COVID tras una aumento consecutivo de contagios durante el mes de junio. Este domingo las cifras se redujeron un poco como es habitual de acuerdo con el ritmo de las \u00faltimas semanas.<br><\/p>\n\n\n\n<p>Adem\u00e1s, la Ciudad de M\u00e9xico se consolid\u00f3 como la entidad con mayor concentraci\u00f3n de casos activos por cada 100 mil habitantes.<\/p>\n\n\n\n<p>En el acumulado de casos COVID desde el inicio de la pandemia, las entidades que m\u00e1s casos han reportado desde marzo de 2020 son: Ciudad de M\u00e9xico, Estado de M\u00e9xico, Nuevo Le\u00f3n, Guanajuato, Jalisco, San Luis Potos\u00ed, Tabasco, Veracruz, Puebla y Sonora.<\/p>\n\n\n\n<p>Se consideran casos activos a aquellos positivos que iniciaron s\u00edntomas en los \u00faltimos 14 d\u00edas, permitiendo identificar donde hay mayor actividad viral y aumento en la transmisi\u00f3n del virus.<\/p>\n\n\n\n<p>Se consideran casos activos a aquellos positivos que iniciaron s\u00edntomas en los \u00faltimos 14 d\u00edas, permitiendo identificar donde hay mayor actividad viral y aumento en la transmisi\u00f3n del virus.<\/p>\n\n\n\n<p>En las \u00faltimas cinco semanas, la mayor parte de los casos est\u00e1n presentes en los grupos de 18 a 29 a\u00f1os, seguido del grupo de 30 a 39 a\u00f1os y 40 a 49 a\u00f1os.<\/p>\n\n\n\n<p>A nivel global, en las \u00faltimas 24 horas, se reportaron 702 mil 544 casos y mil 48 defunciones por COVID-19. La letalidad global es de 1.2 por ciento.<\/p>\n","protected":false},"excerpt":{"rendered":"<p>En las \u00faltimas 24 horas, M\u00e9xico registr\u00f3 5 mil 883 contagios y 4 muertes por COVID-19. De acuerdo con el informe t\u00e9cnico de la Secretar\u00eda de Salud, al corte de este domingo 26 de junio, el pa\u00eds acumula 5 millones 962 mil 615 casos positivos y 325 mil 580 defunciones por COVID-19. La dependencia detall\u00f3 [&hellip;]<\/p>\n","protected":false},"author":4,"featured_media":8839,"comment_status":"open","ping_status":"open","sticky":false,"template":"","format":"standard","meta":{"om_disable_all_campaigns":false,"_monsterinsights_skip_tracking":false,"_monsterinsights_sitenote_active":false,"_monsterinsights_sitenote_note":"","_monsterinsights_sitenote_category":0,"footnotes":""},"categories":[176],"tags":[195],"class_list":["post-8838","post","type-post","status-publish","format-standard","has-post-thumbnail","hentry","category-nacional","tag-principal"],"amp_enabled":true,"_links":{"self":[{"href":"https:\/\/lahora.mx\/index.php\/wp-json\/wp\/v2\/posts\/8838","targetHints":{"allow":["GET"]}}],"collection":[{"href":"https:\/\/lahora.mx\/index.php\/wp-json\/wp\/v2\/posts"}],"about":[{"href":"https:\/\/lahora.mx\/index.php\/wp-json\/wp\/v2\/types\/post"}],"author":[{"embeddable":true,"href":"https:\/\/lahora.mx\/index.php\/wp-json\/wp\/v2\/users\/4"}],"replies":[{"embeddable":true,"href":"https:\/\/lahora.mx\/index.php\/wp-json\/wp\/v2\/comments?post=8838"}],"version-history":[{"count":1,"href":"https:\/\/lahora.mx\/index.php\/wp-json\/wp\/v2\/posts\/8838\/revisions"}],"predecessor-version":[{"id":8840,"href":"https:\/\/lahora.mx\/index.php\/wp-json\/wp\/v2\/posts\/8838\/revisions\/8840"}],"wp:featuredmedia":[{"embeddable":true,"href":"https:\/\/lahora.mx\/index.php\/wp-json\/wp\/v2\/media\/8839"}],"wp:attachment":[{"href":"https:\/\/lahora.mx\/index.php\/wp-json\/wp\/v2\/media?parent=8838"}],"wp:term":[{"taxonomy":"category","embeddable":true,"href":"https:\/\/lahora.mx\/index.php\/wp-json\/wp\/v2\/categories?post=8838"},{"taxonomy":"post_tag","embeddable":true,"href":"https:\/\/lahora.mx\/index.php\/wp-json\/wp\/v2\/tags?post=8838"}],"curies":[{"name":"wp","href":"https:\/\/api.w.org\/{rel}","templated":true}]}}