{"id":8834,"date":"2022-06-27T04:23:36","date_gmt":"2022-06-27T04:23:36","guid":{"rendered":"http:\/\/lahora.mx\/?p=8834"},"modified":"2022-06-27T04:24:07","modified_gmt":"2022-06-27T04:24:07","slug":"en-el-norte-de-jalisco-narco-cobra-piso-en-parroquias-denuncia-cardenal-de-guadalajara","status":"publish","type":"post","link":"https:\/\/lahora.mx\/index.php\/2022\/06\/27\/en-el-norte-de-jalisco-narco-cobra-piso-en-parroquias-denuncia-cardenal-de-guadalajara\/","title":{"rendered":"En el norte de Jalisco, narco cobra piso en parroquias denuncia cardenal de Guadalajara"},"content":{"rendered":"\n<p>En las parroquias del norte de Jalisco los p\u00e1rrocos deben pedir autorizaci\u00f3n al jefe de plaza para realizar las fiestas patronales, denunci\u00f3 este domingo el cardenal de Guadalajara, Jos\u00e9 Francisco Robles Ortega, quien se\u00f1al\u00f3 que la semana pasada fue retenido e interrogado por un grupo del crimen organizado que mantiene un ret\u00e9n en la zona.<br>Enlaces Patrocinados<br>Te decimos en qu\u00e9 precio puedes vender tu auto en Jilotepec<br>Evaluamos tu auto en l\u00ednea y ofertamos. Efectivo al instante.<br>OLX Autos<br>Una inversi\u00f3n en Banorte podr\u00eda darte un salario extra<br>CPX<br>Una inversi\u00f3n en Banorte CFD podr\u00eda darte un salario extra<br>CPX<br>Se\u00f1al\u00f3 que para obtener la autorizaci\u00f3n del jefe de plaza y poder realizar las celebraciones de las fiestas patronales en esta zona, la delincuencia organizada exige que se entregue el 50% de lo recaudado en las festividades.<\/p>\n\n\n\n<p>\u00abTodas esas parroquias que est\u00e1n en esa zona para poder celebrar la fiesta patronal, es decir la feria del pueblo, tienen que obte<br>ner el permiso del encargado de la plaza. El encargado de la plaza le autoriza al sacerdote celebrar la fiesta patronal pero tiene que reportarse con el 50% del resultado de la fiesta\u00bb, dijo.<br><\/p>\n\n\n\n<p>Adem\u00e1s, record\u00f3 que tambi\u00e9n el obispo de Zacatecas, Sigfredo Noriega Barcel\u00f3, fue detenido por un reten mientras circulaba por la carretera que recorre los l\u00edmites de Jalisco y Zacatecas.<\/p>\n\n\n\n<p>\u00abEl percance que le sucedi\u00f3 al se\u00f1or obispo, bueno, no debemos acostumbrarnos, pero es el pan de cada d\u00eda. Yo fui esta semana pasada, fui all\u00e1 al norte del estado, l\u00edmites con Zacatecas precisamente, y tambi\u00e9n fui detenido por dos retenes, y obvio que son retenes del crimen organizado y le exigen a uno decir de d\u00f3nde viene, a d\u00f3nde va, a qu\u00e9 se dedica, qu\u00e9 hace, eso es como lo m\u00e1s normal y lo m\u00e1s natural\u00bb, asegur\u00f3 el arzobispo en rueda de prensa.<\/p>\n\n\n\n<p>Robles Ortega, como lo hizo el lunes pasado la Comisi\u00f3n Estatal de Derechos Humanos (CEDHJ), pidi\u00f3 a las autoridades que otorguen seguridad y protecci\u00f3n a las personas que habitan esta regi\u00f3n.<\/p>\n\n\n\n<p>Rescatan con vida a una de las dos primas desaparecidas en Nogales, Sonora<br>Rescatan con vida a una de las dos primas desaparecidas en Nogales, Sonora<br>\u00abEso es lo ordinario, no es la primera vez que me pasa, ya he ido para esos rumbos y est\u00e1n establecidos esos retenes ah\u00ed, con armas gruesas, con armas largas. Dos retenes en el mismo trayecto\u00bb, insisti\u00f3 el religioso, quien afirm\u00f3 que esto le ha ocurrido en los municipios de Totatiche y Villa Guerrero.<\/p>\n\n\n\n<p>\u00abA todos los que pasan les hacen lo mismo. Lo que yo digo es por qu\u00e9, con qu\u00e9 autoridad un grupo del crimen organizado, te obstruye, te detiene y te investiga. \u00bfPor qu\u00e9?\u00bb, cuestion\u00f3.<\/p>\n\n\n\n<p>La semana pasada la CEDHJ solicit\u00f3 a los tres niveles de gobierno a reforzar la vigilancia en la zona ante la presencia de grupos antag\u00f3nicos de la delincuencia organizada (C\u00e1rtel de Jalisco Nueva Generaci\u00f3n y C\u00e1rtel de Sinaloa) que mantienen retenes y campamentos; adem\u00e1s, a trav\u00e9s de redes sociales, comuneros wixaritari de San Andr\u00e9s Cohamiata, en el municipio de Mezquitic, en los l\u00edmites con Zacatecas, pidieron apoyo del gobierno federal y estatal porque ya se han registrado enfrentamientos entre estos grupos en la regi\u00f3n.<\/p>\n\n\n\n<p>Esta denuncia tambi\u00e9n ocurre luego de que el pa\u00eds completo conociera del atroz crimen de un jefe de plaza del narco en Chihuahua en contra de dos sacerdotes jesuitas apostados en la sierra Tarahumara.<\/p>\n\n\n\n<p>Los curas alzaron la voz y afirmaron en diversos foros la urgencia de actuar ante lo que unos ven como estado fallido y otros como una estrategia de seguridad rebasada por el crimen organizado.<\/p>\n","protected":false},"excerpt":{"rendered":"<p>En las parroquias del norte de Jalisco los p\u00e1rrocos deben pedir autorizaci\u00f3n al jefe de plaza para realizar las fiestas patronales, denunci\u00f3 este domingo el cardenal de Guadalajara, Jos\u00e9 Francisco Robles Ortega, quien se\u00f1al\u00f3 que la semana pasada fue retenido e interrogado por un grupo del crimen organizado que mantiene un ret\u00e9n en la zona.Enlaces [&hellip;]<\/p>\n","protected":false},"author":4,"featured_media":8835,"comment_status":"open","ping_status":"open","sticky":false,"template":"","format":"standard","meta":{"om_disable_all_campaigns":false,"_monsterinsights_skip_tracking":false,"_monsterinsights_sitenote_active":false,"_monsterinsights_sitenote_note":"","_monsterinsights_sitenote_category":0,"footnotes":""},"categories":[176],"tags":[],"class_list":["post-8834","post","type-post","status-publish","format-standard","has-post-thumbnail","hentry","category-nacional"],"amp_enabled":true,"_links":{"self":[{"href":"https:\/\/lahora.mx\/index.php\/wp-json\/wp\/v2\/posts\/8834","targetHints":{"allow":["GET"]}}],"collection":[{"href":"https:\/\/lahora.mx\/index.php\/wp-json\/wp\/v2\/posts"}],"about":[{"href":"https:\/\/lahora.mx\/index.php\/wp-json\/wp\/v2\/types\/post"}],"author":[{"embeddable":true,"href":"https:\/\/lahora.mx\/index.php\/wp-json\/wp\/v2\/users\/4"}],"replies":[{"embeddable":true,"href":"https:\/\/lahora.mx\/index.php\/wp-json\/wp\/v2\/comments?post=8834"}],"version-history":[{"count":1,"href":"https:\/\/lahora.mx\/index.php\/wp-json\/wp\/v2\/posts\/8834\/revisions"}],"predecessor-version":[{"id":8836,"href":"https:\/\/lahora.mx\/index.php\/wp-json\/wp\/v2\/posts\/8834\/revisions\/8836"}],"wp:featuredmedia":[{"embeddable":true,"href":"https:\/\/lahora.mx\/index.php\/wp-json\/wp\/v2\/media\/8835"}],"wp:attachment":[{"href":"https:\/\/lahora.mx\/index.php\/wp-json\/wp\/v2\/media?parent=8834"}],"wp:term":[{"taxonomy":"category","embeddable":true,"href":"https:\/\/lahora.mx\/index.php\/wp-json\/wp\/v2\/categories?post=8834"},{"taxonomy":"post_tag","embeddable":true,"href":"https:\/\/lahora.mx\/index.php\/wp-json\/wp\/v2\/tags?post=8834"}],"curies":[{"name":"wp","href":"https:\/\/api.w.org\/{rel}","templated":true}]}}