{"id":8831,"date":"2022-06-26T22:17:12","date_gmt":"2022-06-26T22:17:12","guid":{"rendered":"http:\/\/lahora.mx\/?p=8831"},"modified":"2022-06-26T22:17:13","modified_gmt":"2022-06-26T22:17:13","slug":"cesar-duarte-es-trasladado-a-hospital-para-una-cirugia","status":"publish","type":"post","link":"https:\/\/lahora.mx\/index.php\/2022\/06\/26\/cesar-duarte-es-trasladado-a-hospital-para-una-cirugia\/","title":{"rendered":"C\u00e9sar Duarte es trasladado a hospital  para una cirug\u00eda"},"content":{"rendered":"\n<p>El ex gobernador de Chihuahua, C\u00e9sar Duarte fue ingresado desde el s\u00e1bado a un hospital para realizarle un procedimiento laparosc\u00f3pico, para colocaci\u00f3n de malla en hernia inguinal derecha.<\/p>\n\n\n\n<p>Lo anterior lo confirm\u00f3 la Fiscal\u00eda General del Estado (FGE) en Chihuahua.<\/p>\n\n\n\n<p>La intervenci\u00f3n a C\u00e9sar Duarte se deriv\u00f3 de la visita al CERESO 1 del doctor Jos\u00e9 Luis Ortiz Rodr\u00edguez, Cirujano General, para hacer valoraci\u00f3n m\u00e9dica a la mencionada Persona Privada de la Libertad, previa autorizaci\u00f3n del Juez de Ejecuci\u00f3n.<\/p>\n\n\n\n<p>De dicha valoraci\u00f3n, el m\u00e9dico prescribi\u00f3 cirug\u00eda, por lo se orden\u00f3 el traslado del PPL a un hospital de la ciudad, para realizarle el procedimiento mencionado.<\/p>\n\n\n\n<p>Seg\u00fan se inform\u00f3, el ex gobernador recibi\u00f3 todos los cuidados y cumplimiento de los protocolos de traslado, por lo cual el ingreso al hospital se llev\u00f3 a cabo a las 9 am, para ser intervenido a las 13:00 horas de ayer.<\/p>\n\n\n\n<p>Se est\u00e1 valorando m\u00e9dicamente el tiempo de permanencia del PPL en el Hospital.<\/p>\n","protected":false},"excerpt":{"rendered":"<p>El ex gobernador de Chihuahua, C\u00e9sar Duarte fue ingresado desde el s\u00e1bado a un hospital para realizarle un procedimiento laparosc\u00f3pico, para colocaci\u00f3n de malla en hernia inguinal derecha. Lo anterior lo confirm\u00f3 la Fiscal\u00eda General del Estado (FGE) en Chihuahua. La intervenci\u00f3n a C\u00e9sar Duarte se deriv\u00f3 de la visita al CERESO 1 del doctor [&hellip;]<\/p>\n","protected":false},"author":4,"featured_media":8832,"comment_status":"open","ping_status":"open","sticky":false,"template":"","format":"standard","meta":{"om_disable_all_campaigns":false,"_monsterinsights_skip_tracking":false,"_monsterinsights_sitenote_active":false,"_monsterinsights_sitenote_note":"","_monsterinsights_sitenote_category":0,"footnotes":""},"categories":[176],"tags":[195],"class_list":["post-8831","post","type-post","status-publish","format-standard","has-post-thumbnail","hentry","category-nacional","tag-principal"],"amp_enabled":true,"_links":{"self":[{"href":"https:\/\/lahora.mx\/index.php\/wp-json\/wp\/v2\/posts\/8831","targetHints":{"allow":["GET"]}}],"collection":[{"href":"https:\/\/lahora.mx\/index.php\/wp-json\/wp\/v2\/posts"}],"about":[{"href":"https:\/\/lahora.mx\/index.php\/wp-json\/wp\/v2\/types\/post"}],"author":[{"embeddable":true,"href":"https:\/\/lahora.mx\/index.php\/wp-json\/wp\/v2\/users\/4"}],"replies":[{"embeddable":true,"href":"https:\/\/lahora.mx\/index.php\/wp-json\/wp\/v2\/comments?post=8831"}],"version-history":[{"count":1,"href":"https:\/\/lahora.mx\/index.php\/wp-json\/wp\/v2\/posts\/8831\/revisions"}],"predecessor-version":[{"id":8833,"href":"https:\/\/lahora.mx\/index.php\/wp-json\/wp\/v2\/posts\/8831\/revisions\/8833"}],"wp:featuredmedia":[{"embeddable":true,"href":"https:\/\/lahora.mx\/index.php\/wp-json\/wp\/v2\/media\/8832"}],"wp:attachment":[{"href":"https:\/\/lahora.mx\/index.php\/wp-json\/wp\/v2\/media?parent=8831"}],"wp:term":[{"taxonomy":"category","embeddable":true,"href":"https:\/\/lahora.mx\/index.php\/wp-json\/wp\/v2\/categories?post=8831"},{"taxonomy":"post_tag","embeddable":true,"href":"https:\/\/lahora.mx\/index.php\/wp-json\/wp\/v2\/tags?post=8831"}],"curies":[{"name":"wp","href":"https:\/\/api.w.org\/{rel}","templated":true}]}}