{"id":8822,"date":"2022-06-26T22:05:13","date_gmt":"2022-06-26T22:05:13","guid":{"rendered":"http:\/\/lahora.mx\/?p=8822"},"modified":"2022-06-26T22:05:14","modified_gmt":"2022-06-26T22:05:14","slug":"este-martes-inicia-vacunacion-covid-para-los-de-5-a-11-anos","status":"publish","type":"post","link":"https:\/\/lahora.mx\/index.php\/2022\/06\/26\/este-martes-inicia-vacunacion-covid-para-los-de-5-a-11-anos\/","title":{"rendered":"Este martes inicia vacunaci\u00f3n covid para los de 5 a 11 a\u00f1os"},"content":{"rendered":"\n<p>La Secretar\u00eda de Salud de Puebla dio a conocer que la jornada de vacunaci\u00f3n contra covid-19 para ni\u00f1os y ni\u00f1as de 5 a 11 a\u00f1os en la capital de Puebla se llevar\u00e1 a cabo del martes 28 al 30 de junio.<\/p>\n\n\n\n<p>De acuerdo a un comunicado, las instituciones convocantes de la Brigada Correcaminos informaron que se instalar\u00e1n cuatro m\u00f3dulos de aplicaci\u00f3n de la vacuna Pfizer ubicados en el Hospital General del Sur y Hospital para el Ni\u00f1o Poblano, el Centro de Salud Urbano Francisco I. Madero, as\u00ed como el Centro Expositor y de Convenciones de Puebla en la zona de Los Fuertes, que ser\u00e1 el masivo. Todos estos puntos funcionar\u00e1n durante los tres d\u00edas en un horario de 8:00 a 16:00 horas.<\/p>\n\n\n\n<p>Los grupos de edad convocados son:<br>Ni\u00f1as y ni\u00f1os de 5 a 11 a\u00f1os 11 meses de edad, rezagados mayores de edad que por primera vez sean inmunizados, y tercera dosis (refuerzo).<\/p>\n\n\n\n<p>Asimismo la Secretar\u00eda de Salud indic\u00f3 que los menores deber\u00e1n ir acompa\u00f1ados de un solo padre o tutor para ingresar; adem\u00e1s solicitan a los adultos respetar los lineamientos establecidos como d\u00eda de acuerdo a la letra inicial del primer apellido, y lugar con base a su localidad y\/o colonia, los cuales pueden consultar en la siguiente liga https:\/\/previenecovid19.puebla.gob.mx\/vacuna, as\u00ed como en las redes oficiales @SaludGobPue(Twitter), Secretar\u00eda de Salud Puebla (Facebook), @SEPGobPue (Twitter) y Secretar\u00eda de Educaci\u00f3n (Facebook).<br>Para acudir, se deben presentar los documentos necesarios, entre ellos la hoja de registro la cual se obtiene en la p\u00e1gina mivacuna.salud.gob.mx.<\/p>\n","protected":false},"excerpt":{"rendered":"<p>La Secretar\u00eda de Salud de Puebla dio a conocer que la jornada de vacunaci\u00f3n contra covid-19 para ni\u00f1os y ni\u00f1as de 5 a 11 a\u00f1os en la capital de Puebla se llevar\u00e1 a cabo del martes 28 al 30 de junio. De acuerdo a un comunicado, las instituciones convocantes de la Brigada Correcaminos informaron que [&hellip;]<\/p>\n","protected":false},"author":4,"featured_media":8823,"comment_status":"open","ping_status":"open","sticky":false,"template":"","format":"standard","meta":{"om_disable_all_campaigns":false,"_monsterinsights_skip_tracking":false,"_monsterinsights_sitenote_active":false,"_monsterinsights_sitenote_note":"","_monsterinsights_sitenote_category":0,"footnotes":""},"categories":[176],"tags":[195,223],"class_list":["post-8822","post","type-post","status-publish","format-standard","has-post-thumbnail","hentry","category-nacional","tag-principal","tag-puebla"],"amp_enabled":true,"_links":{"self":[{"href":"https:\/\/lahora.mx\/index.php\/wp-json\/wp\/v2\/posts\/8822","targetHints":{"allow":["GET"]}}],"collection":[{"href":"https:\/\/lahora.mx\/index.php\/wp-json\/wp\/v2\/posts"}],"about":[{"href":"https:\/\/lahora.mx\/index.php\/wp-json\/wp\/v2\/types\/post"}],"author":[{"embeddable":true,"href":"https:\/\/lahora.mx\/index.php\/wp-json\/wp\/v2\/users\/4"}],"replies":[{"embeddable":true,"href":"https:\/\/lahora.mx\/index.php\/wp-json\/wp\/v2\/comments?post=8822"}],"version-history":[{"count":1,"href":"https:\/\/lahora.mx\/index.php\/wp-json\/wp\/v2\/posts\/8822\/revisions"}],"predecessor-version":[{"id":8824,"href":"https:\/\/lahora.mx\/index.php\/wp-json\/wp\/v2\/posts\/8822\/revisions\/8824"}],"wp:featuredmedia":[{"embeddable":true,"href":"https:\/\/lahora.mx\/index.php\/wp-json\/wp\/v2\/media\/8823"}],"wp:attachment":[{"href":"https:\/\/lahora.mx\/index.php\/wp-json\/wp\/v2\/media?parent=8822"}],"wp:term":[{"taxonomy":"category","embeddable":true,"href":"https:\/\/lahora.mx\/index.php\/wp-json\/wp\/v2\/categories?post=8822"},{"taxonomy":"post_tag","embeddable":true,"href":"https:\/\/lahora.mx\/index.php\/wp-json\/wp\/v2\/tags?post=8822"}],"curies":[{"name":"wp","href":"https:\/\/api.w.org\/{rel}","templated":true}]}}