{"id":8810,"date":"2022-06-26T21:15:33","date_gmt":"2022-06-26T21:15:33","guid":{"rendered":"http:\/\/lahora.mx\/?p=8810"},"modified":"2022-06-26T21:15:34","modified_gmt":"2022-06-26T21:15:34","slug":"hallan-a-desaparecido-en-huaquechula-despues-de-tres-meses-de-busqueda","status":"publish","type":"post","link":"https:\/\/lahora.mx\/index.php\/2022\/06\/26\/hallan-a-desaparecido-en-huaquechula-despues-de-tres-meses-de-busqueda\/","title":{"rendered":"Hallan a desaparecido en Huaquechula despues de tres meses de b\u00fasqueda"},"content":{"rendered":"\n<p>Tras casi cuatro meses de permanecer como desaparecido, Luis Alfonso Santos regres\u00f3 a su casa por su propio pie y con bien.<\/p>\n\n\n\n<p>Fue el pasado 10 de marzo cuando Alfonso, joven de 26 a\u00f1os quien tuvo un derrame cerebral y perdi\u00f3 el habla por ello, fue visto por \u00faltima vez en la localidad de Las Fajanas en el municipio de Huaquechula.<\/p>\n\n\n\n<p>\u201cComo un milagro\u201d, catalog\u00f3 Vicky Santos la localizaci\u00f3n de su hermano, por lo que se dijo agradecida con todos aquellos que apoyaron en la b\u00fasqueda. Coment\u00f3 que el joven regres\u00f3 muy delgado, sucio, con los pies lastimados de mucho andar, pero que en general se encuentra bien.<br>\u00abNo me queda m\u00e1s que estar muy agradecida con las personas que compart\u00edan las publicaciones y claro con la gente que nos llamaba cuando ve\u00eda a una persona parecida a mi hermano, son gente que llevaremos en nuestras oraciones siempre\u00bb, comparti\u00f3 Vicky.<\/p>\n\n\n\n<p>Se\u00f1al\u00f3 que fueron meses de un dolor inexplicable que solo el que ya estuvo en la misma situaci\u00f3n conoce: \u00abhoy les digo que no esperen a que les pase algo para cambiar, de no burlarse de personas en situaci\u00f3n de calle, porque todas esas personas tienen familia, familia que les est\u00e1 doliendo y les est\u00e1 costando mucho encontrar a sus seres queridos, hoy para nosotros fue algo que nos ayuda a crecer m\u00e1s como personas y nos ayuda a ver la vida diferente\u00bb, extern\u00f3.<\/p>\n\n\n\n<p>Y mand\u00f3 un mensaje para quienes tienen familiares o amigos desaparecidos: \u00abquiero decir que nunca dejen de buscar y nunca pierdan la fe, no esperen ayuda de polic\u00eda o de fiscal\u00eda porque ellos no hacen nada, hoy al \u00fanico que agradecemos es a Dios y a la gente que comparti\u00f3, en este mundo hay gente mala pero no tan poderosa como el amor de Dios, ya que mi hermano, as\u00ed como sali\u00f3 as\u00ed regreso, muchas gracias\u00bb.<\/p>\n","protected":false},"excerpt":{"rendered":"<p>Tras casi cuatro meses de permanecer como desaparecido, Luis Alfonso Santos regres\u00f3 a su casa por su propio pie y con bien. Fue el pasado 10 de marzo cuando Alfonso, joven de 26 a\u00f1os quien tuvo un derrame cerebral y perdi\u00f3 el habla por ello, fue visto por \u00faltima vez en la localidad de Las [&hellip;]<\/p>\n","protected":false},"author":4,"featured_media":8811,"comment_status":"open","ping_status":"open","sticky":false,"template":"","format":"standard","meta":{"om_disable_all_campaigns":false,"_monsterinsights_skip_tracking":false,"_monsterinsights_sitenote_active":false,"_monsterinsights_sitenote_note":"","_monsterinsights_sitenote_category":0,"footnotes":""},"categories":[175],"tags":[],"class_list":["post-8810","post","type-post","status-publish","format-standard","has-post-thumbnail","hentry","category-local"],"amp_enabled":true,"_links":{"self":[{"href":"https:\/\/lahora.mx\/index.php\/wp-json\/wp\/v2\/posts\/8810","targetHints":{"allow":["GET"]}}],"collection":[{"href":"https:\/\/lahora.mx\/index.php\/wp-json\/wp\/v2\/posts"}],"about":[{"href":"https:\/\/lahora.mx\/index.php\/wp-json\/wp\/v2\/types\/post"}],"author":[{"embeddable":true,"href":"https:\/\/lahora.mx\/index.php\/wp-json\/wp\/v2\/users\/4"}],"replies":[{"embeddable":true,"href":"https:\/\/lahora.mx\/index.php\/wp-json\/wp\/v2\/comments?post=8810"}],"version-history":[{"count":1,"href":"https:\/\/lahora.mx\/index.php\/wp-json\/wp\/v2\/posts\/8810\/revisions"}],"predecessor-version":[{"id":8812,"href":"https:\/\/lahora.mx\/index.php\/wp-json\/wp\/v2\/posts\/8810\/revisions\/8812"}],"wp:featuredmedia":[{"embeddable":true,"href":"https:\/\/lahora.mx\/index.php\/wp-json\/wp\/v2\/media\/8811"}],"wp:attachment":[{"href":"https:\/\/lahora.mx\/index.php\/wp-json\/wp\/v2\/media?parent=8810"}],"wp:term":[{"taxonomy":"category","embeddable":true,"href":"https:\/\/lahora.mx\/index.php\/wp-json\/wp\/v2\/categories?post=8810"},{"taxonomy":"post_tag","embeddable":true,"href":"https:\/\/lahora.mx\/index.php\/wp-json\/wp\/v2\/tags?post=8810"}],"curies":[{"name":"wp","href":"https:\/\/api.w.org\/{rel}","templated":true}]}}