{"id":8807,"date":"2022-06-26T21:00:19","date_gmt":"2022-06-26T21:00:19","guid":{"rendered":"http:\/\/lahora.mx\/?p=8807"},"modified":"2022-06-26T21:00:20","modified_gmt":"2022-06-26T21:00:20","slug":"actuar-con-valores-y-actitud-de-servicio-pide-rivera-perez-a-futuros-policias","status":"publish","type":"post","link":"https:\/\/lahora.mx\/index.php\/2022\/06\/26\/actuar-con-valores-y-actitud-de-servicio-pide-rivera-perez-a-futuros-policias\/","title":{"rendered":"Actuar con valores y actitud de servicio pide Rivera P\u00e9rez a futuros polic\u00edas"},"content":{"rendered":"\n<p>Una l\u00ednea clara de actuaci\u00f3n, valores y actitud de servicio p\u00fablico demand\u00f3 Eduardo Rivera P\u00e9rez, Presidente Municipal de Puebla, a quienes ser\u00e1n futuros polic\u00edas de la Secretar\u00eda de Seguridad Ciudadana, luego de impartir la conferencia magistral \u00abLiderazgo para Servir y Proteger\u00bb a 165 cadetes de la trig\u00e9sima tercera y trig\u00e9simo cuarta generaciones de la Academia.<\/p>\n\n\n\n<p>Durante este encuentro, se estableci\u00f3 un di\u00e1logo cercano entre el edil poblano, elementos en formaci\u00f3n, mandos administrativos y operativos que les permiti\u00f3 reflexionar sobre la visi\u00f3n de gobierno que requiere la capital poblana para revertir el clima y la percepci\u00f3n de inseguridad que se vive como un problema estructural en todo el pa\u00eds.<\/p>\n\n\n\n<p>La Polic\u00eda Municipal tiene un impacto crucial en el funcionamiento de la sociedad; recuperar la confianza de la gente y defender su derecho a vivir en paz ser\u00e1n los principales retos que afrontar\u00e1n estos cadetes cuando salgan a las calles como miembros de la Corporaci\u00f3n, por lo que Rivera P\u00e9rez les inst\u00f3 a ser personas ejemplares, trabajar en equipo, tener liderazgo y desempe\u00f1arse con principios \u00e9ticos.<\/p>\n\n\n\n<p>\u00abUstedes decidieron aceptar esta ruta, es su vocaci\u00f3n, su valent\u00eda, su apuesta; porque no les gusta c\u00f3mo est\u00e1n las cosas\u00bb, fueron las palabras con las que el edil llam\u00f3 a estos futuros guardianes de la ciudad a mantenerse por el camino correcto, con vocaci\u00f3n para procurar la seguridad que todas y todos se merecen.<\/p>\n","protected":false},"excerpt":{"rendered":"<p>Una l\u00ednea clara de actuaci\u00f3n, valores y actitud de servicio p\u00fablico demand\u00f3 Eduardo Rivera P\u00e9rez, Presidente Municipal de Puebla, a quienes ser\u00e1n futuros polic\u00edas de la Secretar\u00eda de Seguridad Ciudadana, luego de impartir la conferencia magistral \u00abLiderazgo para Servir y Proteger\u00bb a 165 cadetes de la trig\u00e9sima tercera y trig\u00e9simo cuarta generaciones de la Academia. [&hellip;]<\/p>\n","protected":false},"author":4,"featured_media":8808,"comment_status":"open","ping_status":"open","sticky":false,"template":"","format":"standard","meta":{"om_disable_all_campaigns":false,"_monsterinsights_skip_tracking":false,"_monsterinsights_sitenote_active":false,"_monsterinsights_sitenote_note":"","_monsterinsights_sitenote_category":0,"footnotes":""},"categories":[175],"tags":[223],"class_list":["post-8807","post","type-post","status-publish","format-standard","has-post-thumbnail","hentry","category-local","tag-puebla"],"amp_enabled":true,"_links":{"self":[{"href":"https:\/\/lahora.mx\/index.php\/wp-json\/wp\/v2\/posts\/8807","targetHints":{"allow":["GET"]}}],"collection":[{"href":"https:\/\/lahora.mx\/index.php\/wp-json\/wp\/v2\/posts"}],"about":[{"href":"https:\/\/lahora.mx\/index.php\/wp-json\/wp\/v2\/types\/post"}],"author":[{"embeddable":true,"href":"https:\/\/lahora.mx\/index.php\/wp-json\/wp\/v2\/users\/4"}],"replies":[{"embeddable":true,"href":"https:\/\/lahora.mx\/index.php\/wp-json\/wp\/v2\/comments?post=8807"}],"version-history":[{"count":1,"href":"https:\/\/lahora.mx\/index.php\/wp-json\/wp\/v2\/posts\/8807\/revisions"}],"predecessor-version":[{"id":8809,"href":"https:\/\/lahora.mx\/index.php\/wp-json\/wp\/v2\/posts\/8807\/revisions\/8809"}],"wp:featuredmedia":[{"embeddable":true,"href":"https:\/\/lahora.mx\/index.php\/wp-json\/wp\/v2\/media\/8808"}],"wp:attachment":[{"href":"https:\/\/lahora.mx\/index.php\/wp-json\/wp\/v2\/media?parent=8807"}],"wp:term":[{"taxonomy":"category","embeddable":true,"href":"https:\/\/lahora.mx\/index.php\/wp-json\/wp\/v2\/categories?post=8807"},{"taxonomy":"post_tag","embeddable":true,"href":"https:\/\/lahora.mx\/index.php\/wp-json\/wp\/v2\/tags?post=8807"}],"curies":[{"name":"wp","href":"https:\/\/api.w.org\/{rel}","templated":true}]}}