{"id":879,"date":"2021-12-22T01:47:26","date_gmt":"2021-12-22T01:47:26","guid":{"rendered":"http:\/\/lahora.mx\/?p=879"},"modified":"2021-12-22T01:47:26","modified_gmt":"2021-12-22T01:47:26","slug":"desfile-de-reyes-magos-2022","status":"publish","type":"post","link":"https:\/\/lahora.mx\/index.php\/2021\/12\/22\/desfile-de-reyes-magos-2022\/","title":{"rendered":"Desfile de reyes magos 2022"},"content":{"rendered":"<p>&nbsp;<\/p>\n<p>Con el patrocinio de Telcel, SMDIF efectuar\u00e1 el tradicional desfile de Reyes el 4 de enero, recorriendo la Avenida Ju\u00e1rez y parte del bulevar 5 de Mayo.<br \/>\nEl pr\u00f3ximo martes 4 de enero en punto de las 18:30 horas se llevar\u00e1 a cabo el Desfile de Reyes Magos con el patrocinio de Telcel, anunciaron Eduardo Rivera P\u00e9rez, Presidente Municipal y Liliana Ortiz P\u00e9rez, Presidenta del Patronato del Sistema Municipal DIF.<\/p>\n<p>Por su parte, Liliana Ortiz P\u00e9rez, apunt\u00f3 que este desfile convoca a la familia poblana en un momento de ilusi\u00f3n y esperanza, y celebr\u00f3 que a trav\u00e9s de los a\u00f1os se le diera continuidad y se volviera una tradici\u00f3n en Puebla.<\/p>\n<p>El desfile iniciar\u00e1 a las 18:30 horas, tendr\u00e1 una duraci\u00f3n aproximada de 90 minutos, recorrer\u00e1 4.9 kil\u00f3metros y partir\u00e1 de la 25 Sur y Avenida Ju\u00e1rez hasta la 13 Sur, continuando por Avenida Reforma, para incorporarse en el Bulevar 5 de Mayo y terminar en el Parque Ju\u00e1rez.<\/p>\n<p>El contingente estar\u00e1 integrado de 10 carros aleg\u00f3ricos, siete bandas de m\u00fasica con 800 m\u00fasicos, 300 elementos de seguridad que acompa\u00f1ar\u00e1n el recorrido para garantizar la seguridad a los m\u00e1s de 50 mil asistentes que se espera acudan.<\/p>\n<p>Luis Javier Egea Ortega, Subdirector Comercial Regi\u00f3n 7 de Telcel, celebr\u00f3 el regreso de actividades al aire libre y el inter\u00e9s del Gobierno Municipal por brindarles a los infantes un momento de felicidad con la realizaci\u00f3n del desfile de Reyes Magos.<\/p>\n<p>Finalmente, Eduardo Rivera P\u00e9rez invit\u00f3 a las y los menores a acudir los d\u00edas 3, 4 y 5 de enero al Parque Ju\u00e1rez para depositar en el globo aerost\u00e1tico su carta a Melchor, Gaspar y Baltazar, e indic\u00f3 se espera recibir m\u00e1s de 10 mil cartas.<\/p>\n","protected":false},"excerpt":{"rendered":"<p>&nbsp; Con el patrocinio de Telcel, SMDIF efectuar\u00e1 el tradicional desfile de Reyes el 4 de enero, recorriendo la Avenida Ju\u00e1rez y parte del bulevar 5 de Mayo. El pr\u00f3ximo martes 4 de enero en punto de las 18:30 horas se llevar\u00e1 a cabo el Desfile de Reyes Magos con el patrocinio de Telcel, anunciaron [&hellip;]<\/p>\n","protected":false},"author":4,"featured_media":880,"comment_status":"open","ping_status":"open","sticky":false,"template":"","format":"standard","meta":{"om_disable_all_campaigns":false,"_monsterinsights_skip_tracking":false,"_monsterinsights_sitenote_active":false,"_monsterinsights_sitenote_note":"","_monsterinsights_sitenote_category":0,"footnotes":""},"categories":[1],"tags":[],"class_list":["post-879","post","type-post","status-publish","format-standard","has-post-thumbnail","hentry","category-sin-categoria"],"amp_enabled":true,"_links":{"self":[{"href":"https:\/\/lahora.mx\/index.php\/wp-json\/wp\/v2\/posts\/879","targetHints":{"allow":["GET"]}}],"collection":[{"href":"https:\/\/lahora.mx\/index.php\/wp-json\/wp\/v2\/posts"}],"about":[{"href":"https:\/\/lahora.mx\/index.php\/wp-json\/wp\/v2\/types\/post"}],"author":[{"embeddable":true,"href":"https:\/\/lahora.mx\/index.php\/wp-json\/wp\/v2\/users\/4"}],"replies":[{"embeddable":true,"href":"https:\/\/lahora.mx\/index.php\/wp-json\/wp\/v2\/comments?post=879"}],"version-history":[{"count":1,"href":"https:\/\/lahora.mx\/index.php\/wp-json\/wp\/v2\/posts\/879\/revisions"}],"predecessor-version":[{"id":881,"href":"https:\/\/lahora.mx\/index.php\/wp-json\/wp\/v2\/posts\/879\/revisions\/881"}],"wp:featuredmedia":[{"embeddable":true,"href":"https:\/\/lahora.mx\/index.php\/wp-json\/wp\/v2\/media\/880"}],"wp:attachment":[{"href":"https:\/\/lahora.mx\/index.php\/wp-json\/wp\/v2\/media?parent=879"}],"wp:term":[{"taxonomy":"category","embeddable":true,"href":"https:\/\/lahora.mx\/index.php\/wp-json\/wp\/v2\/categories?post=879"},{"taxonomy":"post_tag","embeddable":true,"href":"https:\/\/lahora.mx\/index.php\/wp-json\/wp\/v2\/tags?post=879"}],"curies":[{"name":"wp","href":"https:\/\/api.w.org\/{rel}","templated":true}]}}