{"id":8789,"date":"2022-06-26T00:39:24","date_gmt":"2022-06-26T00:39:24","guid":{"rendered":"http:\/\/lahora.mx\/?p=8789"},"modified":"2022-06-26T00:39:25","modified_gmt":"2022-06-26T00:39:25","slug":"conciertos-de-este-fin-en-puebla","status":"publish","type":"post","link":"https:\/\/lahora.mx\/index.php\/2022\/06\/26\/conciertos-de-este-fin-en-puebla\/","title":{"rendered":"Conciertos de este fin en Puebla"},"content":{"rendered":"\n<p>Como es costumbre cada fin de semana, locales y turistas tienen una cita con la cultura en el Centro Hist\u00f3rico de Puebla, pues nuevamente hay una agenda repleta de funciones de danza, conciertos, espect\u00e1culos de clown, cine documental y mucho m\u00e1s.<\/p>\n\n\n\n<p>Se trata de una ruta art\u00edstica que el ayuntamiento ha preparado para hacer del espacio p\u00fablico escenario del talento local y punto de encuentro para las familias, visitantes y turistas:<\/p>\n\n\n\n<p>El s\u00e1bado 25 de junio la plancha del z\u00f3calo ser\u00e1 sede de dos presentaciones esc\u00e9nicas: a las 14:00 horas, un musical popular por la int\u00e9rprete mexicana Anah\u00ed y a las 15:00 horas la obra de teatro infantil \u201cArny el Dinosaurio Gigante\u201d de la compa\u00f1\u00eda Amapola.<br>La jornada se cierra en el Teatro de la Ciudad con la funci\u00f3n de danza \u201cLa inmortalidad\u201d, la cual re\u00fane a 20 bailarines en escena de la escuela Kinea y Quinto Elemento, y para el domingo 26 de junio volver\u00e1 a ser sede del ciclo de cine documental Docs Puebla con la funci\u00f3n \u201cNos queda la noche, viaje al fondo de querer vivir\u201d, a las 19:00 horas<\/p>\n\n\n\n<p>De la misma forma, el z\u00f3calo nuevamente albergar\u00e1 a la Banda Sinf\u00f3nica Municipal desde el mediod\u00eda del domingo y, en punto de las 13:00 horas, este conjunto se enfrentar\u00e1 en un \u201cmano a mano\u201d instrumental con la Banda Sinf\u00f3nica BUAP, donde los aplausos del p\u00fablico definir\u00e1n al ganador. A las 14:00 y 16:00 tambi\u00e9n habr\u00e1 m\u00fasica regional con mariachi y danza folcl\u00f3rica.<\/p>\n\n\n\n<p>En los parques Jard\u00edn de San Luis, Santiago y de las Ninfas tambi\u00e9n habr\u00e1 actividad ambos d\u00edas del fin de semana:<\/p>\n\n\n\n<ul class=\"wp-block-list\"><li>Jard\u00edn de San Luis: espect\u00e1culo clown con Alan Ochoa a las 14:00 horas el s\u00e1bado y presentaciones de rock cl\u00e1sico u de bandas de guerra el domingo desde las 13:00 horas.<\/li><li>Llega el programa multidisciplinario de cuentacuentos, canto, zumba y charlas \u00a1Universitarios a escena! de la UPAEP de 15:00 a 19:00 horas el s\u00e1bado en Santiago y el domingo en las Ninfas.<\/li><\/ul>\n\n\n\n<p>La agenda completa de estas y otras actividades se podr\u00e1 encontrar en las redes sociales del Instituto Municipal de Arte y Cultura: @IMACP en Facebook y Twitter.<\/p>\n","protected":false},"excerpt":{"rendered":"<p>Como es costumbre cada fin de semana, locales y turistas tienen una cita con la cultura en el Centro Hist\u00f3rico de Puebla, pues nuevamente hay una agenda repleta de funciones de danza, conciertos, espect\u00e1culos de clown, cine documental y mucho m\u00e1s. Se trata de una ruta art\u00edstica que el ayuntamiento ha preparado para hacer del [&hellip;]<\/p>\n","protected":false},"author":4,"featured_media":8790,"comment_status":"open","ping_status":"open","sticky":false,"template":"","format":"standard","meta":{"om_disable_all_campaigns":false,"_monsterinsights_skip_tracking":false,"_monsterinsights_sitenote_active":false,"_monsterinsights_sitenote_note":"","_monsterinsights_sitenote_category":0,"footnotes":""},"categories":[175],"tags":[223],"class_list":["post-8789","post","type-post","status-publish","format-standard","has-post-thumbnail","hentry","category-local","tag-puebla"],"amp_enabled":true,"_links":{"self":[{"href":"https:\/\/lahora.mx\/index.php\/wp-json\/wp\/v2\/posts\/8789","targetHints":{"allow":["GET"]}}],"collection":[{"href":"https:\/\/lahora.mx\/index.php\/wp-json\/wp\/v2\/posts"}],"about":[{"href":"https:\/\/lahora.mx\/index.php\/wp-json\/wp\/v2\/types\/post"}],"author":[{"embeddable":true,"href":"https:\/\/lahora.mx\/index.php\/wp-json\/wp\/v2\/users\/4"}],"replies":[{"embeddable":true,"href":"https:\/\/lahora.mx\/index.php\/wp-json\/wp\/v2\/comments?post=8789"}],"version-history":[{"count":1,"href":"https:\/\/lahora.mx\/index.php\/wp-json\/wp\/v2\/posts\/8789\/revisions"}],"predecessor-version":[{"id":8791,"href":"https:\/\/lahora.mx\/index.php\/wp-json\/wp\/v2\/posts\/8789\/revisions\/8791"}],"wp:featuredmedia":[{"embeddable":true,"href":"https:\/\/lahora.mx\/index.php\/wp-json\/wp\/v2\/media\/8790"}],"wp:attachment":[{"href":"https:\/\/lahora.mx\/index.php\/wp-json\/wp\/v2\/media?parent=8789"}],"wp:term":[{"taxonomy":"category","embeddable":true,"href":"https:\/\/lahora.mx\/index.php\/wp-json\/wp\/v2\/categories?post=8789"},{"taxonomy":"post_tag","embeddable":true,"href":"https:\/\/lahora.mx\/index.php\/wp-json\/wp\/v2\/tags?post=8789"}],"curies":[{"name":"wp","href":"https:\/\/api.w.org\/{rel}","templated":true}]}}