{"id":8782,"date":"2022-06-26T00:11:42","date_gmt":"2022-06-26T00:11:42","guid":{"rendered":"http:\/\/lahora.mx\/?p=8782"},"modified":"2022-06-26T00:15:00","modified_gmt":"2022-06-26T00:15:00","slug":"rodada-nudista-en-puebla-para-exigir-mayor-seguridad","status":"publish","type":"post","link":"https:\/\/lahora.mx\/index.php\/2022\/06\/26\/rodada-nudista-en-puebla-para-exigir-mayor-seguridad\/","title":{"rendered":"Rodada nudista en Puebla para exigir mayor seguridad"},"content":{"rendered":"\n<p>Como una forma de representar la desnudez a la que se enfrentan los ciclistas frente a los automovilistas, en donde no hay una carrocer\u00eda o cintur\u00f3n de seguridad que los proteja, un grupo de personas en Puebla emprendi\u00f3 una rodada nudista para exigir mayor seguridad.<\/p>\n\n\n\n<p>Previo a la movilizaci\u00f3n, Carlos Arturo Castro, coordinador del World Naked Bike Ride en Puebla, se\u00f1al\u00f3 que la rodada \u201cdesnudos ante el tr\u00e1fico\u201d, busca visibilizar este sector, as\u00ed como exigir respeto a los espacios exclusivos para ciclistas, promover y cuestionar la dependencia de combustibles f\u00f3siles.<\/p>\n\n\n\n<p>\u201cDurante la rodada, algunos participantes optamos por representar la fragilidad de nuestra vida con la desnudez. Tambi\u00e9n buscamos promover el uso de bicicletas y medios de transporte de locomoci\u00f3n humana\u201d, precis\u00f3.<\/p>\n\n\n\n<p>Con rodada y pintas, ciclistas exigen justicia por la muerte de Don Rafa<br>Adem\u00e1s, solicit\u00f3 a las autoridades estatales y municipales promover la cultura de seguridad vial; invertir en infraestructura incluyente creando ciclov\u00edas, sem\u00e1foros sonoros, entre otros; as\u00ed como legislar los l\u00edmites de velocidad.<\/p>\n\n\n\n<p>En este sentido, urgi\u00f3 la necesidad de crear ciclopistas en las principales calles del municipio de Puebla, en espec\u00edfico la calle de la 25 poniente, pues dijo que mucha gente transita por la zona y no hay alg\u00fan espacio exclusivo para ellos, por lo que corren el riesgo su integridad f\u00edsica.<\/p>\n\n\n\n<p>\u201cSe requiere a la bicicleta como medio de transporte \u00f3ptimo y las v\u00edas lejos de ser peleadas o competidas se deber\u00edan de compartir sin que eso le cueste la vida al grupo m\u00e1s vulnerable\u201d, puntualiz\u00f3.<\/p>\n\n\n\n<p>Leer m\u00e1s: Ciclistas de Cholula enfrentan riesgos por falta de infraestructura<br>Por \u00faltimo, Carlos Castro reiter\u00f3 el llamado a la conservaci\u00f3n del medio ambiente, respetar a las personas que usan la bicicleta o alg\u00fan otro medio de transporte y peatones.<\/p>\n\n\n\n<p>\u201cEn la calle impera la \u201cley del mas fuerte\u201d y se deber\u00eda de eliminar este esquema\u201d, finaliz\u00f3.<\/p>\n\n\n\n<p>Esta es la d\u00e9cima edici\u00f3n de la rodada nudista, misma que parti\u00f3 de la Fuente de los Frailes, pasando por el Palacio Municipal, Fiscal\u00eda General del Estado para concluir en el Centro Escolar Ni\u00f1os H\u00e9roes de Chapultepec (CENCH).<\/p>\n","protected":false},"excerpt":{"rendered":"<p>Como una forma de representar la desnudez a la que se enfrentan los ciclistas frente a los automovilistas, en donde no hay una carrocer\u00eda o cintur\u00f3n de seguridad que los proteja, un grupo de personas en Puebla emprendi\u00f3 una rodada nudista para exigir mayor seguridad. Previo a la movilizaci\u00f3n, Carlos Arturo Castro, coordinador del World [&hellip;]<\/p>\n","protected":false},"author":4,"featured_media":8784,"comment_status":"open","ping_status":"open","sticky":false,"template":"","format":"standard","meta":{"om_disable_all_campaigns":false,"_monsterinsights_skip_tracking":false,"_monsterinsights_sitenote_active":false,"_monsterinsights_sitenote_note":"","_monsterinsights_sitenote_category":0,"footnotes":""},"categories":[175],"tags":[223],"class_list":["post-8782","post","type-post","status-publish","format-standard","has-post-thumbnail","hentry","category-local","tag-puebla"],"amp_enabled":true,"_links":{"self":[{"href":"https:\/\/lahora.mx\/index.php\/wp-json\/wp\/v2\/posts\/8782","targetHints":{"allow":["GET"]}}],"collection":[{"href":"https:\/\/lahora.mx\/index.php\/wp-json\/wp\/v2\/posts"}],"about":[{"href":"https:\/\/lahora.mx\/index.php\/wp-json\/wp\/v2\/types\/post"}],"author":[{"embeddable":true,"href":"https:\/\/lahora.mx\/index.php\/wp-json\/wp\/v2\/users\/4"}],"replies":[{"embeddable":true,"href":"https:\/\/lahora.mx\/index.php\/wp-json\/wp\/v2\/comments?post=8782"}],"version-history":[{"count":1,"href":"https:\/\/lahora.mx\/index.php\/wp-json\/wp\/v2\/posts\/8782\/revisions"}],"predecessor-version":[{"id":8783,"href":"https:\/\/lahora.mx\/index.php\/wp-json\/wp\/v2\/posts\/8782\/revisions\/8783"}],"wp:featuredmedia":[{"embeddable":true,"href":"https:\/\/lahora.mx\/index.php\/wp-json\/wp\/v2\/media\/8784"}],"wp:attachment":[{"href":"https:\/\/lahora.mx\/index.php\/wp-json\/wp\/v2\/media?parent=8782"}],"wp:term":[{"taxonomy":"category","embeddable":true,"href":"https:\/\/lahora.mx\/index.php\/wp-json\/wp\/v2\/categories?post=8782"},{"taxonomy":"post_tag","embeddable":true,"href":"https:\/\/lahora.mx\/index.php\/wp-json\/wp\/v2\/tags?post=8782"}],"curies":[{"name":"wp","href":"https:\/\/api.w.org\/{rel}","templated":true}]}}