{"id":8772,"date":"2022-06-25T00:50:17","date_gmt":"2022-06-25T00:50:17","guid":{"rendered":"http:\/\/lahora.mx\/?p=8772"},"modified":"2022-06-25T00:50:18","modified_gmt":"2022-06-25T00:50:18","slug":"5-anos-despues-de-liberarlo-detienen-a-gallero-jorge-aduna","status":"publish","type":"post","link":"https:\/\/lahora.mx\/index.php\/2022\/06\/25\/5-anos-despues-de-liberarlo-detienen-a-gallero-jorge-aduna\/","title":{"rendered":"5 a\u00f1os despu\u00e9s de liberarlo detienen a gallero Jorge Aduna"},"content":{"rendered":"\n<p>Cinco a\u00f1os despu\u00e9s de obtener su libertad por el asesinato de seis hombres que presuntamente allanaron su casa, nuevamente fue detenido el empresario gallero Jorge Aduna Villavicencio, ahora por el delito de usurpaci\u00f3n de funciones p\u00fablicas y uso indebido de uniformes o condecoraciones.<\/p>\n\n\n\n<p>De acuerdo con el Registro Nacional de Detenciones, la aprehensi\u00f3n se ejecut\u00f3 a las 14:14 horas del jueves en el bulevar Esteban de Antu\u00f1ano, a la altura del n\u00famero 503, en la colonia Reforma Sur.<\/p>\n\n\n\n<p>La captura estuvo a cargo de elementos de la Polic\u00eda Municipal de Puebla, y tras su arresto fue puesto a disposici\u00f3n del agente del Ministerio P\u00fablico en las instalaciones de C5.<br>La Secretar\u00eda de Seguridad Ciudadana (SSC) del municipio de Puebla detall\u00f3 que agentes del Grupo K9 detectaron la presencia de una camioneta Chevrolet Suburban que emit\u00eda luces en color rojo con azul, similares a las utilizadas por los cuerpos de seguridad.<\/p>\n\n\n\n<p>Enseguida, los oficiales dieron alcance a la unidad y procedieron a entrevistarse con el conductor, y se constat\u00f3 que el veh\u00edculo no es parte de alguna corporaci\u00f3n policial, por lo que el conductor fue asegurado.<\/p>\n\n\n\n<p>Detenido en 2016 por homicidio<br>En 2015 los integrantes de una banda dedicada al robo en casa habitaci\u00f3n lograron burlar la seguridad del domicilio del empresario gallero e ingresaron para asaltar a las personas que se encontraban en el interior.<\/p>\n\n\n\n<p>Aunque la Fiscal\u00eda General del Estado (FGE) afirm\u00f3 que los ladrones entraron a robar a la casa de un familiar de Jorge Aduna, otras versiones aseguraron que el empresario y su familia fueron los agraviados y que incluso su hija, de entre 20 y 25 a\u00f1os de edad, fue agredida sexualmente. Esto \u00faltimo habr\u00eda motivado la ira de Aduna, quien presuntamente eligi\u00f3 la venganza.<\/p>\n\n\n\n<p>De acuerdo con las investigaciones de la Fiscal\u00eda de Secuestro y Delitos de Alto Impacto (FISDAI), orden\u00f3 buscar, matar y calcinar a cada uno de los que participaron en el asalto.<\/p>\n\n\n\n<p>Seg\u00fan fuentes extraoficiales, Aduna Villavicencio les habr\u00eda pagado a los autores materiales hasta 60 mil pesos por cada cabeza.<\/p>\n\n\n\n<p>Fueron seis j\u00f3venes asesinados, algunos de ellos vecinos de la colonia Lomas de San Miguel, quienes empezaron a desaparecer uno por uno. Sus familiares los buscaban desde octubre de 2015 y, tras ejercer presi\u00f3n a trav\u00e9s de los medios de comunicaci\u00f3n, la FGE finalmente logr\u00f3 esclarecer los casos con la captura de los presuntos homicidas, entre ellos sus escoltas y el empresario, acusado de ser el autor intelectual.<\/p>\n\n\n\n<p>En tanto el 16 de junio de 2017, el empresario gallero Jorge Aduna Villavicencio consigui\u00f3 su libertad tras obtener la protecci\u00f3n de la justicia federal mediante un juicio de amparo, donde se acus\u00f3 la presunta ilegalidad de algunos medios de prueba del proceso en su contra por secuestro agravado.<\/p>\n","protected":false},"excerpt":{"rendered":"<p>Cinco a\u00f1os despu\u00e9s de obtener su libertad por el asesinato de seis hombres que presuntamente allanaron su casa, nuevamente fue detenido el empresario gallero Jorge Aduna Villavicencio, ahora por el delito de usurpaci\u00f3n de funciones p\u00fablicas y uso indebido de uniformes o condecoraciones. De acuerdo con el Registro Nacional de Detenciones, la aprehensi\u00f3n se ejecut\u00f3 [&hellip;]<\/p>\n","protected":false},"author":4,"featured_media":8773,"comment_status":"open","ping_status":"open","sticky":false,"template":"","format":"standard","meta":{"om_disable_all_campaigns":false,"_monsterinsights_skip_tracking":false,"_monsterinsights_sitenote_active":false,"_monsterinsights_sitenote_note":"","_monsterinsights_sitenote_category":0,"footnotes":""},"categories":[175],"tags":[223],"class_list":["post-8772","post","type-post","status-publish","format-standard","has-post-thumbnail","hentry","category-local","tag-puebla"],"amp_enabled":true,"_links":{"self":[{"href":"https:\/\/lahora.mx\/index.php\/wp-json\/wp\/v2\/posts\/8772","targetHints":{"allow":["GET"]}}],"collection":[{"href":"https:\/\/lahora.mx\/index.php\/wp-json\/wp\/v2\/posts"}],"about":[{"href":"https:\/\/lahora.mx\/index.php\/wp-json\/wp\/v2\/types\/post"}],"author":[{"embeddable":true,"href":"https:\/\/lahora.mx\/index.php\/wp-json\/wp\/v2\/users\/4"}],"replies":[{"embeddable":true,"href":"https:\/\/lahora.mx\/index.php\/wp-json\/wp\/v2\/comments?post=8772"}],"version-history":[{"count":1,"href":"https:\/\/lahora.mx\/index.php\/wp-json\/wp\/v2\/posts\/8772\/revisions"}],"predecessor-version":[{"id":8774,"href":"https:\/\/lahora.mx\/index.php\/wp-json\/wp\/v2\/posts\/8772\/revisions\/8774"}],"wp:featuredmedia":[{"embeddable":true,"href":"https:\/\/lahora.mx\/index.php\/wp-json\/wp\/v2\/media\/8773"}],"wp:attachment":[{"href":"https:\/\/lahora.mx\/index.php\/wp-json\/wp\/v2\/media?parent=8772"}],"wp:term":[{"taxonomy":"category","embeddable":true,"href":"https:\/\/lahora.mx\/index.php\/wp-json\/wp\/v2\/categories?post=8772"},{"taxonomy":"post_tag","embeddable":true,"href":"https:\/\/lahora.mx\/index.php\/wp-json\/wp\/v2\/tags?post=8772"}],"curies":[{"name":"wp","href":"https:\/\/api.w.org\/{rel}","templated":true}]}}