{"id":8769,"date":"2022-06-25T00:28:01","date_gmt":"2022-06-25T00:28:01","guid":{"rendered":"http:\/\/lahora.mx\/?p=8769"},"modified":"2022-06-25T00:28:02","modified_gmt":"2022-06-25T00:28:02","slug":"hallan-otra-cabeza-humana-en-huaquechula","status":"publish","type":"post","link":"https:\/\/lahora.mx\/index.php\/2022\/06\/25\/hallan-otra-cabeza-humana-en-huaquechula\/","title":{"rendered":"Hallan otra cabeza humana en Huaquechula"},"content":{"rendered":"\n<p>La ma\u00f1ana de este viernes, ciudadanos de la comunidad de Santa Ana Coatepec, perteneciente al municipio de Huaquechula, encontraron una cabeza humana, sobre un canal de riego.<\/p>\n\n\n\n<p>De acuerdo con los primeros reportes, el cr\u00e1neo fue arrastrado por el cauce del canal hasta que lleg\u00f3 a esta comunidad por lo que se desconoce de cual lugar podr\u00eda provenir, pues en esa localidad atraviesan diversas arterias de agua que vienen de varios puntos geogr\u00e1ficos.<\/p>\n\n\n\n<p>De acuerdo con los vecinos que hallaron esta cabeza humana cercenada, no pertenecer\u00eda a ninguno de los pobladores de Santa Ana Coatepec, por lo que podr\u00eda tratarse de otra persona de comunidades o municipios aleda\u00f1os.<\/p>\n\n\n\n<p>Alistan marcha por la diversidad sexual en Acatl\u00e1n de Osorio<br>M\u00e1s del tema\u2026<br>Alistan marcha por la diversidad sexual en Acatl\u00e1n de Osorio<br>Cabe destacar que el pasado 20 de junio, campesinos hallaron otra cabeza humana, pero fue en el r\u00edo Nexapa en los l\u00edmites de Atzala y la altura de la comunidad de San Felipe Ayutla en el municipio de Iz\u00facar de Matamoros.<\/p>\n\n\n\n<p>Igualmente, se presume que el cr\u00e1neo fue arrastrado por el agua, pero debido a la descomposici\u00f3n en la que se encontraba, no pudo ser reconocido y se requiere un examen de ADN para compararlo con alguna de las personas que permanecen como desaparecidas en la regi\u00f3n.<\/p>\n\n\n\n<p>En ambos casos, Agentes Ministeriales de la Fiscal\u00eda General del Estado de Puebla se encargaron de abrir una Carpeta de Investigaci\u00f3n (CDI), para esclarecer estos homicidios, mientras que peritos del Servicio M\u00e9dico Forense (Semefo), trasladaron los restos a un anfiteatro.<\/p>\n","protected":false},"excerpt":{"rendered":"<p>La ma\u00f1ana de este viernes, ciudadanos de la comunidad de Santa Ana Coatepec, perteneciente al municipio de Huaquechula, encontraron una cabeza humana, sobre un canal de riego. De acuerdo con los primeros reportes, el cr\u00e1neo fue arrastrado por el cauce del canal hasta que lleg\u00f3 a esta comunidad por lo que se desconoce de cual [&hellip;]<\/p>\n","protected":false},"author":4,"featured_media":8770,"comment_status":"open","ping_status":"open","sticky":false,"template":"","format":"standard","meta":{"om_disable_all_campaigns":false,"_monsterinsights_skip_tracking":false,"_monsterinsights_sitenote_active":false,"_monsterinsights_sitenote_note":"","_monsterinsights_sitenote_category":0,"footnotes":""},"categories":[175],"tags":[],"class_list":["post-8769","post","type-post","status-publish","format-standard","has-post-thumbnail","hentry","category-local"],"amp_enabled":true,"_links":{"self":[{"href":"https:\/\/lahora.mx\/index.php\/wp-json\/wp\/v2\/posts\/8769","targetHints":{"allow":["GET"]}}],"collection":[{"href":"https:\/\/lahora.mx\/index.php\/wp-json\/wp\/v2\/posts"}],"about":[{"href":"https:\/\/lahora.mx\/index.php\/wp-json\/wp\/v2\/types\/post"}],"author":[{"embeddable":true,"href":"https:\/\/lahora.mx\/index.php\/wp-json\/wp\/v2\/users\/4"}],"replies":[{"embeddable":true,"href":"https:\/\/lahora.mx\/index.php\/wp-json\/wp\/v2\/comments?post=8769"}],"version-history":[{"count":1,"href":"https:\/\/lahora.mx\/index.php\/wp-json\/wp\/v2\/posts\/8769\/revisions"}],"predecessor-version":[{"id":8771,"href":"https:\/\/lahora.mx\/index.php\/wp-json\/wp\/v2\/posts\/8769\/revisions\/8771"}],"wp:featuredmedia":[{"embeddable":true,"href":"https:\/\/lahora.mx\/index.php\/wp-json\/wp\/v2\/media\/8770"}],"wp:attachment":[{"href":"https:\/\/lahora.mx\/index.php\/wp-json\/wp\/v2\/media?parent=8769"}],"wp:term":[{"taxonomy":"category","embeddable":true,"href":"https:\/\/lahora.mx\/index.php\/wp-json\/wp\/v2\/categories?post=8769"},{"taxonomy":"post_tag","embeddable":true,"href":"https:\/\/lahora.mx\/index.php\/wp-json\/wp\/v2\/tags?post=8769"}],"curies":[{"name":"wp","href":"https:\/\/api.w.org\/{rel}","templated":true}]}}