{"id":8761,"date":"2022-06-25T00:19:24","date_gmt":"2022-06-25T00:19:24","guid":{"rendered":"http:\/\/lahora.mx\/?p=8761"},"modified":"2022-06-25T00:19:25","modified_gmt":"2022-06-25T00:19:25","slug":"corte-arrebato-un-derecho-fundamental-menciono-biden-por-decision-de-revocar-derecho-al-aborto","status":"publish","type":"post","link":"https:\/\/lahora.mx\/index.php\/2022\/06\/25\/corte-arrebato-un-derecho-fundamental-menciono-biden-por-decision-de-revocar-derecho-al-aborto\/","title":{"rendered":"\u201cCorte arrebat\u00f3 un derecho fundamental\u201d, menciono Biden por decisi\u00f3n de revocar derecho al aborto"},"content":{"rendered":"\n<p>La Corte Suprema de Estados Unidos elimin\u00f3 las protecciones constitucionales para el aborto que hab\u00edan estado vigentes durante casi 50 a\u00f1os en una decisi\u00f3n de su mayor\u00eda conservadora de anular Roe vs Wade.<br><\/p>\n\n\n\n<p>Al respecto, el presidente de Estados Unidos,&nbsp;<strong>Joe Biden<\/strong>, expres\u00f3 que la Corte arrebat\u00f3 un derecho fundamental para las mujeres.&nbsp;<\/p>\n\n\n\n<p>\u201cEs un d\u00eda doloroso para la uni\u00f3n americana\u201d, dijo Biden en conferencia de prensa.&nbsp;&nbsp;<\/p>\n\n\n\n<p>\u00abLa salud y la vida de las mujeres de este pa\u00eds est\u00e1n ahora en peligro\u00bb, indic\u00f3 el mandatario.<\/p>\n\n\n\n<p>\u201cEs tan extremo que las mujeres podr\u00e1n ser castigadas por proteger su salud, que ser\u00e1n obligadas a llevar el hijo de su violador o como consecuencia de un incesto. Me aturde. Nos lleva atr\u00e1s\u00bb, declar\u00f3 Biden.<br><\/p>\n\n\n\n<p>Refiri\u00f3 el mandatario estadounidense que el derecho al aborto est\u00e1 \u201cen la boleta electoral\u201d en las elecciones intermedias de noviembre y pidi\u00f3 que las protestas sean pac\u00edficas.<\/p>\n\n\n\n<p>\u201cLas amenazas y la intimidaci\u00f3n no son un discurso\u201d, se\u00f1al\u00f3.<\/p>\n\n\n\n<p>Biden indic\u00f3 que el juez Clarence Thomas mencion\u00f3 poner fin a los derechos al matrimonio entre personas del mismo sexo y la anticoncepci\u00f3n: \u201cEste es un camino extremo y peligroso al que nos est\u00e1 llevando ahora la Corte\u201d.<br><\/p>\n\n\n\n<p>El presidente de EU a\u00f1adi\u00f3 que fue la incorporaci\u00f3n de tres jueces de la Corte Suprema que fueron designados por su predecesor, Donald Trump, lo que \u201ctrastorn\u00f3 la balanza de la justicia\u201d.<\/p>\n\n\n\n<p>Apunt\u00f3 que ha ordenado al Departamento de Salud y Servicios Humanos que se asegure de que los medicamentos abortivos est\u00e9n f\u00e1cilmente disponibles para los estadounidenses.<\/p>\n\n\n\n<p>\u00abMi administraci\u00f3n permanecer\u00e1 alerta mientras se desarrollan las implicaciones de esta decisi\u00f3n\u201d, declar\u00f3 Biden.<\/p>\n\n\n\n<p>\u201cPerm\u00edtanme ser muy claro e inequ\u00edvoco: la \u00fanica forma en que podemos garantizar el derecho de las mujeres a elegir, el equilibrio que exist\u00eda, es que el Congreso restablezca las protecciones de Roe vs Wade como ley federal. Ninguna acci\u00f3n ejecutiva del presidente puede hacer eso\u201d, dijo el presidente de EU.<\/p>\n","protected":false},"excerpt":{"rendered":"<p>La Corte Suprema de Estados Unidos elimin\u00f3 las protecciones constitucionales para el aborto que hab\u00edan estado vigentes durante casi 50 a\u00f1os en una decisi\u00f3n de su mayor\u00eda conservadora de anular Roe vs Wade. Al respecto, el presidente de Estados Unidos,&nbsp;Joe Biden, expres\u00f3 que la Corte arrebat\u00f3 un derecho fundamental para las mujeres.&nbsp; \u201cEs un d\u00eda [&hellip;]<\/p>\n","protected":false},"author":4,"featured_media":8762,"comment_status":"open","ping_status":"open","sticky":false,"template":"","format":"standard","meta":{"om_disable_all_campaigns":false,"_monsterinsights_skip_tracking":false,"_monsterinsights_sitenote_active":false,"_monsterinsights_sitenote_note":"","_monsterinsights_sitenote_category":0,"footnotes":""},"categories":[175],"tags":[],"class_list":["post-8761","post","type-post","status-publish","format-standard","has-post-thumbnail","hentry","category-local"],"amp_enabled":true,"_links":{"self":[{"href":"https:\/\/lahora.mx\/index.php\/wp-json\/wp\/v2\/posts\/8761","targetHints":{"allow":["GET"]}}],"collection":[{"href":"https:\/\/lahora.mx\/index.php\/wp-json\/wp\/v2\/posts"}],"about":[{"href":"https:\/\/lahora.mx\/index.php\/wp-json\/wp\/v2\/types\/post"}],"author":[{"embeddable":true,"href":"https:\/\/lahora.mx\/index.php\/wp-json\/wp\/v2\/users\/4"}],"replies":[{"embeddable":true,"href":"https:\/\/lahora.mx\/index.php\/wp-json\/wp\/v2\/comments?post=8761"}],"version-history":[{"count":1,"href":"https:\/\/lahora.mx\/index.php\/wp-json\/wp\/v2\/posts\/8761\/revisions"}],"predecessor-version":[{"id":8763,"href":"https:\/\/lahora.mx\/index.php\/wp-json\/wp\/v2\/posts\/8761\/revisions\/8763"}],"wp:featuredmedia":[{"embeddable":true,"href":"https:\/\/lahora.mx\/index.php\/wp-json\/wp\/v2\/media\/8762"}],"wp:attachment":[{"href":"https:\/\/lahora.mx\/index.php\/wp-json\/wp\/v2\/media?parent=8761"}],"wp:term":[{"taxonomy":"category","embeddable":true,"href":"https:\/\/lahora.mx\/index.php\/wp-json\/wp\/v2\/categories?post=8761"},{"taxonomy":"post_tag","embeddable":true,"href":"https:\/\/lahora.mx\/index.php\/wp-json\/wp\/v2\/tags?post=8761"}],"curies":[{"name":"wp","href":"https:\/\/api.w.org\/{rel}","templated":true}]}}